{"id":10908,"date":"2022-08-18T10:43:46","date_gmt":"2022-08-18T10:43:46","guid":{"rendered":"https:\/\/qulto.eu\/?p=10908"},"modified":"2024-10-10T15:07:28","modified_gmt":"2024-10-10T15:07:28","slug":"vandorgyules-2022-kaposvar","status":"publish","type":"post","link":"https:\/\/qulto.eu\/hu\/vandorgyules-2022-kaposvar\/","title":{"rendered":"V\u00e1ndorgy\u0171l\u00e9s 2022, Kaposv\u00e1r"},"content":{"rendered":"<p style=\"text-align: justify;\">A Monguz Kft. k\u00e9t munkat\u00e1rsa a Mez\u0151gazdas\u00e1gi Szekci\u00f3ban tartott el\u0151ad\u00e1st, amelynek els\u0151 r\u00e9sze Lengyel Monik\u00e1t\u00f3l a Mez\u0151gazdas\u00e1gi M\u00fazeum \u00e9s K\u00f6nyvt\u00e1r Qulto Integr\u00e1lt K\u00f6nyvt\u00e1ri rendszerre val\u00f3 \u00e1tt\u00e9r\u00e9s\u00e9r\u0151l sz\u00f3lt, a m\u00e1sodik r\u00e9sz\u00e9ben pedig M\u00e1ty\u00e1s Melinda bemutatta a <span style=\"text-decoration: underline; text-indent: justify;\"><strong><a class=\"\" href=\"http:\/\/digitaliskonyvtar.omgk.hu\/\">k\u00f6nyvt\u00e1r \u00faj digit\u00e1lis k\u00f6nyvt\u00e1ri fel\u00fclet\u00e9t<\/a><\/strong><\/span>. Az \u00e1tt\u00e9r\u00e9s kapcs\u00e1n koll\u00e9g\u00e1nk kiemelte a munka f\u0151bb neh\u00e9zs\u00e9geit: ti. egy meglev\u0151, a Mez\u0151gazdas\u00e1gi M\u00fazeum k\u00f6nyvt\u00e1r\u00e1nak \u00e1llom\u00e1nya mell\u00e9 ker\u00fclt az egykori Orsz\u00e1gos Mez\u0151gazdas\u00e1gi K\u00f6nyvt\u00e1r bibliogr\u00e1fiai anyaga, e miatt t\u00f6bb l\u00e9p\u00e9sben is sz\u00fcks\u00e9g volt p\u00e9ld\u00e1ul duplumsz\u0171r\u00e9sre. A digit\u00e1lis k\u00f6nyvt\u00e1rr\u00f3l sz\u00f3l\u00f3 r\u00e9szben az el\u0151ad\u00f3 kiemelte a fel\u00fclet \u00f6sszet\u00e9tel\u00e9t \u00e9s bemutatta annak f\u0151 funkci\u00f3it. A digit\u00e1lis gy\u0171jtem\u00e9nyben szerepl\u0151 le\u00edr\u00e1sok \u00e9s a teljes sz\u00f6vegek a Qulto program m\u00e9dia modulj\u00e1b\u00f3l sz\u00e1rmaznak, a megjelen\u00edt\u00e9s\u00fcket pedig az OPAC3 \u00f6sszetev\u0151 biztos\u00edtja.<\/p>\n<p style=\"text-align: justify;\">A Mez\u0151gazdas\u00e1gi szekci\u00f3ban az el\u0151ad\u00e1sokban hallhattunk t\u00f6bbek k\u00f6z\u00f6tt a Ill\u00e9si \u00c9v\u00e1t\u00f3l a MATE Entz Ferenc K\u00f6nyvt\u00e1r \u00e9s Lev\u00e9lt\u00e1r\u00e1b\u00f3l a hallgat\u00f3knak tartott k\u00f6nyvt\u00e1ri \u00f3r\u00e1kr\u00f3l, a mesters\u00e9ges intelligenci\u00e1r\u00f3l Winkler Be\u00e1t\u00f3l, Dr. Kasza Gyul\u00e1t\u00f3l az \u00e9lelmiszer pazarl\u00e1sr\u00f3l illetve Vincze Petronell\u00e1t\u00f3l a Mez\u0151gazdas\u00e1gi K\u00f6nyvt\u00e1r \u00e9s M\u00fazeum k\u00f6nyvk\u00f6t\u0151 klubj\u00e1r\u00f3l.<\/p>\n<p style=\"text-align: justify;\">Az idei v\u00e1ndorgy\u0171l\u00e9sr\u0151l r\u00e9szletesebb besz\u00e1mol\u00f3 a <strong><a class=\"non-arrow\" href=\"https:\/\/nemzetikonyvtar.blog.hu\/2022\/08\/08\/beszamolo_az_mke_53_vandorgyulesen_szerzett_benyomasokrol\">nemzeti k\u00f6nyvt\u00e1r blogj\u00e1n<\/a><\/strong> olvashat\u00f3, munkat\u00e1rsaink el\u0151ad\u00e1sa pedig <strong><a class=\"non-arrow\" href=\"https:\/\/qulto.eu\/wp-content\/uploads\/kaposvar_2022_MM.pdf\">itt tekinthet\u0151 meg<\/a><\/strong> pdf form\u00e1tumban.<\/p>\n<p style=\"text-align: justify;\"><\/p>\n<p style=\"text-align: justify;\">C\u00e9g\u00fcnk a szakmai szekci\u00f3kon val\u00f3 r\u00e9szv\u00e9tel mellett id\u00e9n is standdal jelent meg &#8211; szoftveres \u00e9s hardveres megold\u00e1sok a kultur\u00e1lis \u00e9rt\u00e9kek \u00fajrahasznos\u00edt\u00e1s\u00e1nak szolg\u00e1lat\u00e1ban tematik\u00e1val berendezett 20 m\u00b2-es ki\u00e1ll\u00edt\u00f3i standunkon v\u00e1rtuk az \u00e9rdekl\u0151d\u0151ket. Mivel a k\u00f6nyvt\u00e1rak, m\u00fazeumok \u00e9s lev\u00e9lt\u00e1rak gy\u0171jtem\u00e9nyeiben \u0151rz\u00f6tt kultur\u00e1lis \u00e9rt\u00e9kek \u00e9s tud\u00e1s \u00e1tad\u00e1s\u00e1ban, \u00e9lm\u00e9nyszer\u0171 \u00fajrahasznos\u00edt\u00e1s\u00e1ban igyeksz\u00fcnk t\u00e1mogatni a k\u00f6zgy\u0171jtem\u00e9nyeket, erre ir\u00e1nyul\u00f3 fejleszt\u00e9seinkb\u0151l vonultattunk fel j\u00f3 p\u00e1rat. Az el\u0151zetes felk\u00e9sz\u00fcl\u00e9sr\u0151l, tervekr\u0151l, r\u00e9szv\u00e9telr\u0151l \u00e9s benyom\u00e1sokr\u00f3l Behtler Be\u00e1ta koll\u00e9gan\u0151nk besz\u00e1mol\u00f3ja:<\/p>\n<p style=\"text-align: justify;\">\u00c9letem els\u0151 V\u00e1ndorgy\u0171l\u00e9se. Nem tudtam pontosan mi fog ott t\u00f6rt\u00e9nni, de azt l\u00e1ttam a saj\u00e1t koll\u00e9g\u00e1im izgalm\u00e1n, \u00e9s a kor\u00e1bbi esem\u00e9nyek besz\u00e1mol\u00f3i kapcs\u00e1n, hogy egy fontos, nagyon fontos esem\u00e9ny k\u00f6vetkezik. A szem\u00e9lyes tal\u00e1lkoz\u00e1s ereje m\u00e9g mindig nagyon er\u0151s (szerencs\u00e9re), nem helyettes\u00edthet\u0151, \u00edgy az konferencia el\u0151tti h\u00f3napokban a Qulto csapattal mi is teljes er\u0151bedob\u00e1ssal k\u00e9sz\u00fclt\u00fcnk r\u00e1. K\u00f6nyvt\u00e1rosok, kult\u00fara, tapasztalatcsere \u00fajdons\u00e1gok bemutat\u00e1sa, j\u00f6v\u0151be mutat\u00f3 fejleszt\u00e9sek\u2026 ahogy az \u00f6tleteink &#8222;testet&#8221; \u00f6lt\u00f6ttek \u00e9s l\u00e9trej\u00f6ttek az attrakci\u00f3s term\u00e9keink bemutat\u00f3i, \u00fagy egyre izgatottabbak \u00e9s b\u00fcszk\u00e9bbek voltunk az elk\u00e9sz\u00fclt fejleszt\u00e9seinkre. Az interakt\u00edv eszk\u00f6z\u00f6kre val\u00f3 fejleszt\u00e9s egy izgalmas utaz\u00e1s els\u0151 l\u00e9p\u00e9se volt. V\u00e9gig az lebegett a szem\u00fcnk el\u0151tt, hogy az \u00faj gener\u00e1ci\u00f3knak, akiket neh\u00e9z egy k\u00f6nyv, egy le\u00edr\u00e1s mell\u00e9 le\u00fcltetni, valahogy tal\u00e1lkozzanak a kult\u00far\u00e1val\u2026 \u00e9lvezz\u00e9k \u00e9s k\u00f6zben tanuljanak sokat a t\u00f6rt\u00e9nelm\u00fcnkr\u0151l, szok\u00e1sainkr\u00f3l, hagyom\u00e1nyainkr\u00f3l.<\/p>\n<p style=\"text-align: justify;\">A V\u00e1ndorgy\u0171l\u00e9s els\u0151 napj\u00e1nak reggel\u00e9n izgatottan rendezt\u00fck be ki\u00e1ll\u00edt\u00f3ter\u00fcnket az eszk\u00f6z\u00f6kkel. Volt ott VR szem\u00fcveg, holodoboz, \u00e9rint\u0151k\u00e9perny\u0151 asztall\u00e1 alak\u00edtva, 3D s\u00e9ta. Mindezek mell\u00e9 adott volt a lelkes Qulto csapat, akik nagyon v\u00e1rt\u00e1k, hogy mes\u00e9ljenek, bemutass\u00e1k az \u00e9rdekl\u0151d\u0151knek az eszk\u00f6z\u00f6ket \u00e9s a rajtuk fut\u00f3 szoftvereket.<br \/>\n\u00dagy gondoljuk, siker\u00fclt \u00e1tadnunk, hogy \u00e9rtj\u00fck a partnereink c\u00e9lj\u00e1t, miszerint nem adj\u00e1k fel az iskol\u00e1s gener\u00e1ci\u00f3k eduk\u00e1ci\u00f3j\u00e1nak fontoss\u00e1g\u00e1t, \u00e9s siker\u00fclt ehhez megfelel\u0151 eszk\u00f6z\u00f6ket fejleszten\u00fcnk. A j\u00f6v\u0151ben is hasonl\u00f3an keress\u00fck majd azokat az alkalmakat, ahol bemutathatjuk a fejleszt\u00e9seinket.<\/p>\n<p style=\"text-align: justify;\">Nagyon \u00f6r\u00fcltem, hogy ott lehettem a V\u00e1ndorgy\u0171l\u00e9sen, tal\u00e1lkozhattam szem\u00e9lyesen azokkal az emberekkel, akikkel eg\u00e9sz \u00e9veben online munkakapcsolatot \u00e1polok. J\u00f3 volt \u00f6sszenevetni, k\u00e1v\u00e9zni, besz\u00e9lgetni a sikerekr\u0151l, neh\u00e9zs\u00e9gekr\u0151l \u00e9s megold\u00e1sokr\u00f3l egyar\u00e1nt!<\/p>\n","protected":false},"excerpt":{"rendered":"<p>A Monguz Kft. k\u00e9t munkat\u00e1rsa a Mez\u0151gazdas\u00e1gi Szekci\u00f3ban tartott el\u0151ad\u00e1st, amelynek els\u0151 [&hellip;]<\/p>\n","protected":false},"author":15,"featured_media":10903,"comment_status":"closed","ping_status":"closed","sticky":false,"template":"","format":"standard","meta":[],"categories":[14,13,12,11],"tags":[],"field_type":[],"news_category":[20],"acf":[],"_links":{"self":[{"href":"https:\/\/qulto.eu\/hu\/wp-json\/wp\/v2\/posts\/10908"}],"collection":[{"href":"https:\/\/qulto.eu\/hu\/wp-json\/wp\/v2\/posts"}],"about":[{"href":"https:\/\/qulto.eu\/hu\/wp-json\/wp\/v2\/types\/post"}],"author":[{"embeddable":true,"href":"https:\/\/qulto.eu\/hu\/wp-json\/wp\/v2\/users\/15"}],"replies":[{"embeddable":true,"href":"https:\/\/qulto.eu\/hu\/wp-json\/wp\/v2\/comments?post=10908"}],"version-history":[{"count":8,"href":"https:\/\/qulto.eu\/hu\/wp-json\/wp\/v2\/posts\/10908\/revisions"}],"predecessor-version":[{"id":10910,"href":"https:\/\/qulto.eu\/hu\/wp-json\/wp\/v2\/posts\/10908\/revisions\/10910"}],"wp:featuredmedia":[{"embeddable":true,"href":"https:\/\/qulto.eu\/hu\/wp-json\/wp\/v2\/media\/10903"}],"wp:attachment":[{"href":"https:\/\/qulto.eu\/hu\/wp-json\/wp\/v2\/media?parent=10908"}],"wp:term":[{"taxonomy":"category","embeddable":true,"href":"https:\/\/qulto.eu\/hu\/wp-json\/wp\/v2\/categories?post=10908"},{"taxonomy":"post_tag","embeddable":true,"href":"https:\/\/qulto.eu\/hu\/wp-json\/wp\/v2\/tags?post=10908"},{"taxonomy":"field_type","embeddable":true,"href":"https:\/\/qulto.eu\/hu\/wp-json\/wp\/v2\/field_type?post=10908"},{"taxonomy":"news_category","embeddable":true,"href":"https:\/\/qulto.eu\/hu\/wp-json\/wp\/v2\/news_category?post=10908"}],"curies":[{"name":"wp","href":"https:\/\/api.w.org\/{rel}","templated":true}]}}