{"id":11875,"date":"2023-02-02T18:45:36","date_gmt":"2023-02-02T18:45:36","guid":{"rendered":"https:\/\/qulto.eu\/?p=11875"},"modified":"2024-10-10T15:10:43","modified_gmt":"2024-10-10T15:10:43","slug":"qulto-szakmai-nap-2023","status":"publish","type":"post","link":"https:\/\/qulto.eu\/hu\/qulto-szakmai-nap-2023\/","title":{"rendered":"Qulto Szakmai Nap 2023"},"content":{"rendered":"<p>&nbsp;<\/p>\r\n<p><img decoding=\"async\" loading=\"lazy\" class=\"aligncenter wp-image-12023 size-medium\" src=\"https:\/\/qulto.eu\/wp-content\/uploads\/Qulto_Nap_2023_cikkbe-300x163.png\" alt=\"Qulto_Nap_2023_cikkbe\" width=\"300\" height=\"163\" srcset=\"https:\/\/qulto.eu\/wp-content\/uploads\/Qulto_Nap_2023_cikkbe-300x163.png 300w, https:\/\/qulto.eu\/wp-content\/uploads\/Qulto_Nap_2023_cikkbe-1024x556.png 1024w, https:\/\/qulto.eu\/wp-content\/uploads\/Qulto_Nap_2023_cikkbe-768x417.png 768w, https:\/\/qulto.eu\/wp-content\/uploads\/Qulto_Nap_2023_cikkbe.png 1200w\" sizes=\"(max-width: 300px) 100vw, 300px\" \/><\/p>\r\n<p style=\"text-align: justify;\">2023-ban jelenl\u00e9ti szakmai nap keretein bel\u00fcl van lehet\u0151s\u00e9g\u00fcnk bemutatni az elm\u00falt \u00e9v kih\u00edv\u00e1saira reflekt\u00e1l\u00f3 megold\u00e1sainkat, fejleszt\u00e9seinket. Tal\u00e1lkozzunk szem\u00e9lyesen 2023. m\u00e1rcius 8-\u00e1n a F\u0151v\u00e1rosi Szab\u00f3 Ervin K\u00f6nyvt\u00e1r B\u00e1lterm\u00e9ben!<\/p>\r\n<p style=\"text-align: justify;\">A szem\u00e9lyes r\u00e9szv\u00e9tel mellett lehet\u0151s\u00e9g lesz online is k\u00f6vetni a programban 10:00-12:30-ig jelzett szakmai el\u0151ad\u00e1sokat a <strong><a href=\"https:\/\/www.youtube.com\/@fovarosiszaboervinkonyvtar1203\/streams\" target=\"_blank\" rel=\"noopener\">k\u00f6nyvt\u00e1r YouTube csatorn\u00e1j\u00e1n<\/a><\/strong>. R\u00e9szv\u00e9tel\u00fckre sz\u00e1m\u00edtunk ilyen form\u00e1ban is!<\/p>\r\n<p style=\"text-align: center;\"><a class=\"non-arrow\" href=\"https:\/\/www.youtube.com\/@fovarosiszaboervinkonyvtar1203\/streams\" target=\"_blank\" rel=\"noopener\"><\/a><\/p>\r\n<p style=\"text-align: center; color: #97b51b;\"><strong>Nagy \u00f6r\u00f6m\u00fcnkre &#8211; \u00e9s nem kis meglepet\u00e9s\u00fcnkre &#8211; p\u00e1r nap alatt el\u00e9rt\u00fck a tervezett maximum r\u00e9sztvev\u0151sz\u00e1mot, \u00edgy szem\u00e9lyes r\u00e9szv\u00e9telre a <span class=\"x1xsqp64 xiy17q3 x1o6pynw x19co3pv xdj266r xcwd3tp xat24cr x39eecv x2b8uid\" data-testid=\"emoji\"><span class=\"xexx8yu xn5pp95 x18d9i69 x2fxd7x x1yqt14a x1bhl96m\">\u2757\ufe0f<\/span><\/span>regisztr\u00e1ci\u00f3s \u0171rlapunk m\u00e1r nem fogad t\u00f6bb jelentkez\u00e9st<span class=\"x1xsqp64 xiy17q3 x1o6pynw x19co3pv xdj266r xcwd3tp xat24cr x39eecv x2b8uid\" data-testid=\"emoji\"><span class=\"xexx8yu xn5pp95 x18d9i69 x2fxd7x x1yqt14a x1bhl96m\">\u2757\ufe0f<\/span><\/span>.<\/strong><\/p>\r\n<p style=\"text-align: left;\">V\u00e1runk minden kedves \u00e9rdekl\u0151d\u0151t!<\/p>\r\n<p style=\"text-align: left;\">Qulto csapat<\/p>\r\n<h3 style=\"text-align: center;\">Program<\/h3>\r\n<p style=\"text-align: center;\">(<a class=\"non-arrow\" href=\"https:\/\/qulto.eu\/wp-content\/uploads\/Qulto_Nap_2023_program-4.pdf\" target=\"_blank\" rel=\"noopener\"><span style=\"text-decoration: underline;\">let\u00f6lthet\u0151 pdf<\/span><\/a>)<\/p>\r\n<!-- \/wp:heading -->\r\n\r\n<!-- wp:paragraph -->\r\n<h6>\u00a0<\/h6>\r\n<h6><strong><span class=\"has-inline-color\" style=\"color: #174b85;\">09:30 &#8211; 10:00 Regisztr\u00e1ci\u00f3, k\u00e1v\u00e9<\/span><\/strong><\/h6>\r\n<!-- \/wp:paragraph -->\r\n\r\n<!-- wp:heading {\"level\":5} -->\r\n<h6><strong><span class=\"has-inline-color\" style=\"color: #174b85;\">10:00 &#8211; 10:15 Megnyit\u00f3<\/span><\/strong><\/h6>\r\n<!-- \/wp:heading -->\r\n\r\n<!-- wp:paragraph -->\r\n<p>Megnyit\u00f3 \u00e9s program bemutat\u00e1sa<\/p>\r\n<p>\u00c9v\u00e9rt\u00e9kel\u0151 el\u0151ad\u00e1s\u00a0 (Czoboly Mikl\u00f3s, CEO, Qulto)<\/p>\r\n<!-- \/wp:paragraph -->\r\n\r\n<!-- wp:heading {\"level\":5} -->\r\n<h6><strong><span class=\"has-inline-color\" style=\"color: #174b85;\">10:15 &#8211; 11:15 I. szekci\u00f3<\/span><\/strong><\/h6>\r\n<!-- \/wp:heading -->\r\n\r\n<!-- wp:paragraph -->\r\n<p><strong><span class=\"has-inline-color\" style=\"color: #174b85;\">10:15 &#8211; 10:30 <\/span><\/strong>Qulto \u00e9s OS felh\u0151szolg\u00e1ltat\u00e1s, Qulto megold\u00e1sok az energiav\u00e1ls\u00e1g idej\u00e9re (Czoboly Mikl\u00f3s, CEO)<\/p>\r\n<p><span class=\"has-inline-color\" style=\"color: #174b85;\"><strong>10:30 &#8211; 10:45<\/strong>\u00a0 <\/span>\u00daj Qulto2 m\u00fazeumi fejleszt\u00e9sek &#8211; mobil \u00e9s webes technol\u00f3gi\u00e1ra \u00e9p\u00fcl\u0151 \u00faj komponensek (Pancza J\u00e1nos, portf\u00f3li\u00f3 menedzser)<\/p>\r\n<p><strong><span class=\"has-inline-color\" style=\"color: #174b85;\">10:45 &#8211; 11:00 <\/span><\/strong>Digitize &#8211; int\u00e9zm\u00e9nyi felhaszn\u00e1l\u00e1s (Pancza J\u00e1nos, portf\u00f3li\u00f3 menedzser)<\/p>\r\n<p><strong><span class=\"has-inline-color\" style=\"color: #174b85;\">11:00 &#8211; 11:15 <\/span><\/strong>Kutat\u00e1si infrastrukt\u00fara &#8211; egyetemi RRF fejleszt\u00e9sek (N\u00e9meth Rita, kiemelt \u00fcgyf\u00e9lmenedzser)<\/p>\r\n<!-- \/wp:paragraph -->\r\n\r\n<!-- wp:heading {\"level\":5} -->\r\n<h6><strong><span class=\"has-inline-color\" style=\"color: #174b85;\">11:20 &#8211; 12:30 II. szekci\u00f3<\/span><\/strong><\/h6>\r\n<!-- \/wp:heading -->\r\n\r\n<!-- wp:paragraph -->\r\n<p><strong><span class=\"has-inline-color\" style=\"color: #174b85;\">11:20 &#8211; 11:40 <\/span><\/strong>F\u0151v\u00e1rosi Szab\u00f3 Ervin K\u00f6nyvt\u00e1r el\u0151ad\u00e1sa\u00a0&#8211; Elektronikus katal\u00f3gus a k\u00f6zk\u00f6nyvt\u00e1rakban (Bal\u00e1zs L\u00e1szl\u00f3, oszt\u00e1lyvezet\u0151)<\/p>\r\n<p><strong><span class=\"has-inline-color\" style=\"color: #174b85;\">11:40 &#8211; 12:00 <\/span><\/strong>&#8222;Rendel\u00e9s\u00e9t fogadtuk&#8221; &#8211; DDA a M\u00e9liuszban (Dr. Kov\u00e1cs B\u00e9la L\u00f3r\u00e1nt, igazgat\u00f3)<\/p>\r\n<p><strong><span class=\"has-inline-color\" style=\"color: #174b85;\">12:00 &#8211; 12:15 <\/span><\/strong>&#8222;K\u00f6nyves&#8221; \u00f6kosziszt\u00e9ma a v\u00e1ls\u00e1g ellen, k\u00f6nyvt\u00e1rak \u00e9s k\u00f6nyvkereskedelem szimbi\u00f3zisa (N\u00e9meth Rita, kiemelt \u00fcgyf\u00e9lmenedzser)<\/p>\r\n<p><strong><span class=\"has-inline-color\" style=\"color: #174b85;\">12:15 &#8211; 12:30 <\/span><\/strong>K\u00e9rd\u00e9sek<\/p>\r\n<h6><strong><span class=\"has-inline-color\" style=\"color: #174b85;\">12:30 &#8211; 13:00 K\u00e1v\u00e9sz\u00fcnet, szendvicseb\u00e9d<\/span><\/strong><\/h6>\r\n<h6><!-- \/wp:paragraph -->\r\n\r\n<!-- wp:heading {\"level\":5} --><\/h6>\r\n<h6><strong><span class=\"has-inline-color\" style=\"color: #174b85;\">13:00 &#8211; 14:30 Workshopok \u00e9s attrakci\u00f3s ki\u00e1ll\u00edt\u00e1s<\/span><\/strong><\/h6>\r\n<!-- \/wp:heading -->\r\n\r\n<!-- wp:paragraph --><!-- \/wp:paragraph -->\r\n\r\n<!-- wp:heading {\"level\":5} -->\r\n<p>Workshop asztalok t\u00e9m\u00e1i<\/p>\r\n<ul>\r\n<li>\u00dajdons\u00e1gaink a m\u00fazeumi webes fejleszt\u00e9sek kapcs\u00e1n, m\u00fazeumi audit (Simon Andr\u00e1s, Fazekas Em\u0151ke)<\/li>\r\n<li>L\u00e1tv\u00e1nyszupport (Lengyel Monika, Szab\u00f3 Mih\u00e1ly, T\u00f3th Korn\u00e9l)<\/li>\r\n<li>Digitize, Repo, CRIS &#8211; Current Research Information System (Kan\u00e1sz-Nagy Zolt\u00e1n, Vir\u00e1g Gabriella)<\/li>\r\n<li>OPAC, Discovery, EasyThesis, LiteraT\u00fara (F\u00fcl\u00f6p Endre, Pancza J\u00e1nos)<\/li>\r\n<li>L\u00edra DDA projekt, eCard, ePublisher (Kecskem\u00e9ti Gergely, N\u00e9meth Rita)<\/li>\r\n<li>RFID megold\u00e1sok (Udvardy-Nagy Istv\u00e1n; SmartFreq Kft.)<\/li>\r\n<\/ul>\r\n<p>Attrakci\u00f3s ki\u00e1ll\u00edt\u00e1s &#8211; a tartalomszolg\u00e1ltat\u00e1s j\u00f6v\u0151je<\/p>\r\n<ul>\r\n<li>Qulto Presenter \u00e9rint\u0151k\u00e9perny\u0151s asztal &#8211; sz\u00f3rakoztat\u00e1s \u00e9s ismeretterjeszt\u00e9s<\/li>\r\n<li>Hologram doboz &#8211; keltse \u00e9letre gy\u0171jtem\u00e9ny\u00e9t 3D-ben<\/li>\r\n<li>Microsoft Hololens &#8211; kiterjesztett val\u00f3s\u00e1g<\/li>\r\n<li>VR Headset &#8211; a mesters\u00e9ges vil\u00e1g int\u00e9zm\u00e9nye szolg\u00e1lat\u00e1ban<\/li>\r\n<\/ul>\r\n<p>Qulto Attract term\u00e9kek<\/p>\r\n<ul>\r\n<li>Storytelling &#8211; digit\u00e1lis t\u00f6rt\u00e9netmes\u00e9l\u00e9s<\/li>\r\n<li>V\u00e1rosfoglal\u00f3 &#8211; Tegye zsebre a v\u00e1rost!<\/li>\r\n<li>Education &#8211; tanul\u00e1s m\u00e1sk\u00e9pp<\/li>\r\n<li>Q360 &#8211; virtu\u00e1lis s\u00e9ta val\u00f3s terekben<\/li>\r\n<\/ul>\r\n<!-- \/wp:heading -->\r\n\r\n<!-- wp:paragraph -->\r\n<p>A programv\u00e1ltoz\u00e1s jog\u00e1t fenntartjuk!\u00a0<\/p>","protected":false},"excerpt":{"rendered":"<p>&nbsp; 2023-ban jelenl\u00e9ti szakmai nap keretein bel\u00fcl van lehet\u0151s\u00e9g\u00fcnk bemutatni az elm\u00falt [&hellip;]<\/p>\n","protected":false},"author":15,"featured_media":12023,"comment_status":"closed","ping_status":"closed","sticky":false,"template":"","format":"standard","meta":[],"categories":[14,13,12,11],"tags":[],"field_type":[],"news_category":[20],"acf":[],"_links":{"self":[{"href":"https:\/\/qulto.eu\/hu\/wp-json\/wp\/v2\/posts\/11875"}],"collection":[{"href":"https:\/\/qulto.eu\/hu\/wp-json\/wp\/v2\/posts"}],"about":[{"href":"https:\/\/qulto.eu\/hu\/wp-json\/wp\/v2\/types\/post"}],"author":[{"embeddable":true,"href":"https:\/\/qulto.eu\/hu\/wp-json\/wp\/v2\/users\/15"}],"replies":[{"embeddable":true,"href":"https:\/\/qulto.eu\/hu\/wp-json\/wp\/v2\/comments?post=11875"}],"version-history":[{"count":77,"href":"https:\/\/qulto.eu\/hu\/wp-json\/wp\/v2\/posts\/11875\/revisions"}],"predecessor-version":[{"id":12239,"href":"https:\/\/qulto.eu\/hu\/wp-json\/wp\/v2\/posts\/11875\/revisions\/12239"}],"wp:featuredmedia":[{"embeddable":true,"href":"https:\/\/qulto.eu\/hu\/wp-json\/wp\/v2\/media\/12023"}],"wp:attachment":[{"href":"https:\/\/qulto.eu\/hu\/wp-json\/wp\/v2\/media?parent=11875"}],"wp:term":[{"taxonomy":"category","embeddable":true,"href":"https:\/\/qulto.eu\/hu\/wp-json\/wp\/v2\/categories?post=11875"},{"taxonomy":"post_tag","embeddable":true,"href":"https:\/\/qulto.eu\/hu\/wp-json\/wp\/v2\/tags?post=11875"},{"taxonomy":"field_type","embeddable":true,"href":"https:\/\/qulto.eu\/hu\/wp-json\/wp\/v2\/field_type?post=11875"},{"taxonomy":"news_category","embeddable":true,"href":"https:\/\/qulto.eu\/hu\/wp-json\/wp\/v2\/news_category?post=11875"}],"curies":[{"name":"wp","href":"https:\/\/api.w.org\/{rel}","templated":true}]}}