{"id":14982,"date":"2023-11-22T10:04:10","date_gmt":"2023-11-22T10:04:10","guid":{"rendered":"https:\/\/qulto.eu\/?p=14982"},"modified":"2024-10-10T15:09:52","modified_gmt":"2024-10-10T15:09:52","slug":"legujabb-muzeumi-fejleszteseink","status":"publish","type":"post","link":"https:\/\/qulto.eu\/hu\/legujabb-muzeumi-fejleszteseink\/","title":{"rendered":"Leg\u00fajabb m\u00fazeumi fejleszt\u00e9seink &#8211; webin\u00e1rium"},"content":{"rendered":"<p style=\"text-align: center;\"><img decoding=\"async\" src=\"https:\/\/qulto.eu\/wp-content\/uploads\/Qulto_webinarium_20231205-1.png\" \/><\/p>\n<p style=\"text-align: center;\">V\u00e1runk minden kedves \u00e9rdekl\u0151d\u0151t<\/p>\n<p style=\"text-align: center; color: #97b51b;\"><strong>&#8216;M\u00e1r csak ez hi\u00e1nyzott! Leg\u00fajabb m\u00fazeumi fejleszt\u00e9seink&#8217;<\/strong><\/p>\n<p style=\"text-align: center;\">c\u00edm\u0171,\u00a0 <strong>2023. december 5-\u00e9n<\/strong> megrendez\u00e9sre ker\u00fcl\u0151 webin\u00e1riumunkra. A bemutat\u00f3n val\u00f3 r\u00e9szv\u00e9tel ingyenes, regisztr\u00e1lni az itt el\u00e9rhet\u0151 \u0171rlapon kereszt\u00fcl van lehet\u0151s\u00e9g. A regisztr\u00e1ci\u00f3 hat\u00e1rideje: december 4. 12:00<\/p>\n<p style=\"text-align: center;\"><strong><a href=\"https:\/\/docs.google.com\/forms\/d\/e\/1FAIpQLScgtVXbfj-Bip475M1BlmCjg7wiki7k1klczwXs3fqDplWmxA\/viewform?usp=sf_link\" target=\"_blank\" rel=\"noopener\">Regisztr\u00e1ci\u00f3<\/a><\/strong><\/p>\n<h6><strong>Program:<\/strong><\/h6>\n<p style=\"text-align: justify;\"><strong>10:00 &#8211; 10:10<\/strong> Bevezet\u00e9s &#8211; Pancza J\u00e1nos, <em>portf\u00f3li\u00f3 menedzser<\/em><\/p>\n<p style=\"text-align: justify;\"><strong>10:10 &#8211; 10:50<\/strong> Qulto Museum \u00faj funkci\u00f3k &#8211; <em>Simon Andr\u00e1s, k\u00f6zgy\u0171jtem\u00e9nyi szak\u00e9rt\u0151<\/em><\/p>\n<p style=\"text-align: justify;\">10:10 &#8211; 10:30 Lelt\u00e1ri t\u00e9tel import<br \/>\nR\u00e9g\u00f3ta v\u00e1rt fejleszt\u00e9s, aminek seg\u00edts\u00e9g\u00e9vel a m\u00fazeumi munkat\u00e1rsak az excelben k\u00e9sz\u00edtett lelt\u00e1rk\u00f6nyveket \u00fcgyf\u00e9lszolg\u00e1latunk seg\u00edts\u00e9ge n\u00e9lk\u00fcl is be tudj\u00e1k t\u00f6lteni a HunT\u00e9k\u00e1ba. Testk\u00f6zelb\u0151l mutatjuk be a folyamatot.<\/p>\n<p style=\"text-align: justify;\">10:30 &#8211; 10:50 Csoportos rekordm\u00f3dos\u00edt\u00e1s<br \/>\nA funkci\u00f3 ny\u00fajtotta lehet\u0151s\u00e9gek r\u00f6vid bemutat\u00e1sa. Milyen rekordok mely adatmez\u0151it, milyen felt\u00e9telekkel \u00e9s hogyan lehet m\u00f3dos\u00edtani?<\/p>\n<p style=\"text-align: justify;\"><strong>10:50 &#8211; 11:20<\/strong> Egy ki\u00e1ll\u00edt\u00e1s digit\u00e1lis verzi\u00f3i &#8211; projektbemutat\u00f3<\/p>\n<p style=\"text-align: justify;\">A Th\u00fary Gy\u00f6rgy M\u00fazeum \u2018Min\u00e9l cifr\u00e1bb, ann\u00e1l szebb\u2019 c. ki\u00e1ll\u00edt\u00e1s\u00e1nak digit\u00e1lis \u00e1tiratai Qulto Attract term\u00e9kekkel. &#8211; <em>Gyan\u00f3 Szilvia, Th\u00fary Gy\u00f6rgy M\u00fazeum, n\u00e9prajzos-f\u0151muzeol\u00f3gus<\/em> \u00e9s <em>Brada Hedvig, \u00fcgyf\u00e9lmenedzser<\/em><\/p>\n<p style=\"text-align: justify;\">\n","protected":false},"excerpt":{"rendered":"<p>V\u00e1runk minden kedves \u00e9rdekl\u0151d\u0151t &#8216;M\u00e1r csak ez hi\u00e1nyzott! Leg\u00fajabb m\u00fazeumi fejleszt\u00e9seink&#8217; c\u00edm\u0171,\u00a0 [&hellip;]<\/p>\n","protected":false},"author":15,"featured_media":15109,"comment_status":"closed","ping_status":"closed","sticky":false,"template":"","format":"standard","meta":[],"categories":[14,11],"tags":[],"field_type":[6],"news_category":[20],"acf":[],"_links":{"self":[{"href":"https:\/\/qulto.eu\/hu\/wp-json\/wp\/v2\/posts\/14982"}],"collection":[{"href":"https:\/\/qulto.eu\/hu\/wp-json\/wp\/v2\/posts"}],"about":[{"href":"https:\/\/qulto.eu\/hu\/wp-json\/wp\/v2\/types\/post"}],"author":[{"embeddable":true,"href":"https:\/\/qulto.eu\/hu\/wp-json\/wp\/v2\/users\/15"}],"replies":[{"embeddable":true,"href":"https:\/\/qulto.eu\/hu\/wp-json\/wp\/v2\/comments?post=14982"}],"version-history":[{"count":30,"href":"https:\/\/qulto.eu\/hu\/wp-json\/wp\/v2\/posts\/14982\/revisions"}],"predecessor-version":[{"id":15121,"href":"https:\/\/qulto.eu\/hu\/wp-json\/wp\/v2\/posts\/14982\/revisions\/15121"}],"wp:featuredmedia":[{"embeddable":true,"href":"https:\/\/qulto.eu\/hu\/wp-json\/wp\/v2\/media\/15109"}],"wp:attachment":[{"href":"https:\/\/qulto.eu\/hu\/wp-json\/wp\/v2\/media?parent=14982"}],"wp:term":[{"taxonomy":"category","embeddable":true,"href":"https:\/\/qulto.eu\/hu\/wp-json\/wp\/v2\/categories?post=14982"},{"taxonomy":"post_tag","embeddable":true,"href":"https:\/\/qulto.eu\/hu\/wp-json\/wp\/v2\/tags?post=14982"},{"taxonomy":"field_type","embeddable":true,"href":"https:\/\/qulto.eu\/hu\/wp-json\/wp\/v2\/field_type?post=14982"},{"taxonomy":"news_category","embeddable":true,"href":"https:\/\/qulto.eu\/hu\/wp-json\/wp\/v2\/news_category?post=14982"}],"curies":[{"name":"wp","href":"https:\/\/api.w.org\/{rel}","templated":true}]}}