{"id":16218,"date":"2024-04-29T06:25:20","date_gmt":"2024-04-29T06:25:20","guid":{"rendered":"https:\/\/qulto.eu\/?p=16218"},"modified":"2024-04-29T06:27:31","modified_gmt":"2024-04-29T06:27:31","slug":"palyazati-felhivas-muzeumoknak","status":"publish","type":"post","link":"https:\/\/qulto.eu\/hu\/palyazati-felhivas-muzeumoknak\/","title":{"rendered":"P\u00e1ly\u00e1zati felh\u00edv\u00e1s m\u00fazeumoknak"},"content":{"rendered":"<p style=\"text-align: justify;\">T\u00e1j\u00e9koztatni szeretn\u00e9nk m\u00fazeumi partnereinket, illetve mindazokat, akik sz\u00e1m\u00e1ra \u00e9rdekes lehet a jelen ki\u00edr\u00e1s, hogy a M\u00fazeumok Koll\u00e9giuma 2024. \u00e1prilis 4-\u00e9n p\u00e1ly\u00e1zatot hirdetett m\u00fazeumi int\u00e9zm\u00e9nyek r\u00e9sz\u00e9re t\u00f6bb t\u00e9mak\u00f6rben, melyek r\u00e9szletei<strong> <a href=\"https:\/\/nka.hu\/kiemelt-kategoriak\/palyaztatas\/kollegiumok-felhivasai\/a-muzeumok-kollegiuma-nyilt-palyazati-felhivasa-2\/\" target=\"_blank\" rel=\"noopener\">ezen a linken<\/a><\/strong> olvashat\u00f3k.<\/p>\n<p>A lentebb felsorolt relev\u00e1ns anyagokkal els\u0151sorban az<\/p>\n<ul>\n<li>&#8216;Id\u0151szakos \u00e9s kisebb \u00e1lland\u00f3 ki\u00e1ll\u00edt\u00e1sok, valamint a hozz\u00e1juk kapcsol\u00f3d\u00f3 katal\u00f3gus kiad\u00e1sa, az adott ki\u00e1ll\u00edt\u00e1shoz kapcsol\u00f3d\u00f3 digit\u00e1lis ismeret\u00e1tad\u00e1si tartalmak l\u00e9trehoz\u00e1sa&#8217; (1. T\u00e9ma),<\/li>\n<li>\u00e9s az &#8216;\u00c1llom\u00e1nyv\u00e9delem, restaur\u00e1l\u00e1s valamint \u00e1llom\u00e1nyv\u00e9delmi, restaur\u00e1l\u00e1si tev\u00e9kenys\u00e9ghez sz\u00fcks\u00e9ges szakmai anyagok \u00e9s eszk\u00f6z\u00f6k beszerz\u00e9se&#8217; (5. T\u00e9ma)<br \/>\nt\u00e9m\u00e1khoz kapcsol\u00f3d\u00f3 esetlegesen tervezett c\u00e9ljaikhoz szeretn\u00e9nk inspir\u00e1ci\u00f3t, fejleszt\u00e9si javaslatokat adni, szolg\u00e1tat\u00e1sainkat figyelm\u00fckbe aj\u00e1nlani.<\/li>\n<\/ul>\n<p style=\"text-align: justify;\">Az \u00e9rintett int\u00e9zm\u00e9nyek \u00f6tletet mer\u00edthetnek kultur\u00e1lis tartalmakat kreat\u00edv m\u00f3don (\u00fajra)hasznos\u00edt\u00f3 attrakci\u00f3s term\u00e9keinkb\u0151l, az azokat bemutat\u00f3 katal\u00f3gusunkb\u00f3l, illetve m\u00fazeumi megold\u00e1sainkat \u00e9s a restaur\u00e1l\u00e1si tev\u00e9kenys\u00e9get t\u00e1mogat\u00f3 fejleszt\u00e9s\u00fcnket bemutat\u00f3 <strong><a class=\"non-arrow\" href=\"https:\/\/qulto.eu\/wp-content\/uploads\/qulto_museum_katalogus-4.pdf\" target=\"_blank\" rel=\"noopener\">Qulto Museum katal\u00f3gusb\u00f3l<\/a><\/strong>.<\/p>\n<h3><a href=\"https:\/\/qulto.eu\/wp-content\/uploads\/2022\/04\/qulto_attract_katalogus-1.pdf\" target=\"_blank\" rel=\"noopener\"><strong>Attrakci\u00f3s term\u00e9kkatal\u00f3gus<\/strong><\/a><\/h3>\n<ul>\n<li>Qulto360 &#8211; virtu\u00e1lis s\u00e9t\u00e1khoz \u00e9s ki\u00e1ll\u00edt\u00e1shoz<\/li>\n<li>Storytelling &#8211; digit\u00e1lis t\u00f6rt\u00e9netmes\u00e9l\u00e9shez<\/li>\n<li>V\u00e1rosfoglal\u00f3 &#8211; kultur\u00e1lis \u00e9s tematikus s\u00e9t\u00e1khoz<\/li>\n<li>Education &#8211; oktat\u00e1si anyagok k\u00e9sz\u00edt\u00e9s\u00e9hez<\/li>\n<\/ul>\n<h3><strong><a href=\"https:\/\/qulto.eu\/hu\/products\/qulto-museum\/#tamogato-modulok\" target=\"_blank\" rel=\"noopener\">Qulto Conservation modul<\/a><\/strong><\/h3>\n<ul>\n<li>restaur\u00e1l\u00e1si \u00e9s \u00e1llom\u00e1nyv\u00e9delmi munkafolyamatokat t\u00e1mogat\u00f3 modul<\/li>\n<li>webes fel\u00fclettel<\/li>\n<li>k\u00f6zvetlen kapcsolat az int\u00e9zm\u00e9nyben haszn\u00e1lt Qulto Museum szoftverrel<\/li>\n<\/ul>\n<p style=\"text-align: justify;\">B\u00edzunk benne, hogy a javaslataink felkeltett\u00e9k \u00e9rdekl\u0151d\u00e9s\u00e9t, \u00e9s sz\u00edvesen veszi fontol\u00f3ra \u0151ket int\u00e9zm\u00e9nye fejleszt\u00e9s\u00e9ben.<\/p>\n<p style=\"text-align: justify;\">Ha tov\u00e1bbi k\u00e9rd\u00e9se mer\u00fclne fel, vagy sz\u00edvesen egyeztetne vel\u00fcnk, illetve p\u00e9nz\u00fcgyi aj\u00e1nlat \u00fcgy\u00e9ben, k\u00e9rj\u00fck, vegye fel vel\u00fcnk a kapcsolatot a <a class=\"non-arrow\" href=\"mailto:sales@qulto.eu\"><strong>sales@qulto.eu<\/strong><\/a> c\u00edmen.<\/p>\n","protected":false},"excerpt":{"rendered":"<p>T\u00e1j\u00e9koztatni szeretn\u00e9nk m\u00fazeumi partnereinket, illetve mindazokat, akik sz\u00e1m\u00e1ra \u00e9rdekes lehet a jelen [&hellip;]<\/p>\n","protected":false},"author":15,"featured_media":0,"comment_status":"closed","ping_status":"closed","sticky":false,"template":"","format":"standard","meta":[],"categories":[14,11],"tags":[],"field_type":[6],"news_category":[],"acf":[],"_links":{"self":[{"href":"https:\/\/qulto.eu\/hu\/wp-json\/wp\/v2\/posts\/16218"}],"collection":[{"href":"https:\/\/qulto.eu\/hu\/wp-json\/wp\/v2\/posts"}],"about":[{"href":"https:\/\/qulto.eu\/hu\/wp-json\/wp\/v2\/types\/post"}],"author":[{"embeddable":true,"href":"https:\/\/qulto.eu\/hu\/wp-json\/wp\/v2\/users\/15"}],"replies":[{"embeddable":true,"href":"https:\/\/qulto.eu\/hu\/wp-json\/wp\/v2\/comments?post=16218"}],"version-history":[{"count":11,"href":"https:\/\/qulto.eu\/hu\/wp-json\/wp\/v2\/posts\/16218\/revisions"}],"predecessor-version":[{"id":16229,"href":"https:\/\/qulto.eu\/hu\/wp-json\/wp\/v2\/posts\/16218\/revisions\/16229"}],"wp:attachment":[{"href":"https:\/\/qulto.eu\/hu\/wp-json\/wp\/v2\/media?parent=16218"}],"wp:term":[{"taxonomy":"category","embeddable":true,"href":"https:\/\/qulto.eu\/hu\/wp-json\/wp\/v2\/categories?post=16218"},{"taxonomy":"post_tag","embeddable":true,"href":"https:\/\/qulto.eu\/hu\/wp-json\/wp\/v2\/tags?post=16218"},{"taxonomy":"field_type","embeddable":true,"href":"https:\/\/qulto.eu\/hu\/wp-json\/wp\/v2\/field_type?post=16218"},{"taxonomy":"news_category","embeddable":true,"href":"https:\/\/qulto.eu\/hu\/wp-json\/wp\/v2\/news_category?post=16218"}],"curies":[{"name":"wp","href":"https:\/\/api.w.org\/{rel}","templated":true}]}}