{"id":17094,"date":"2024-06-12T09:03:37","date_gmt":"2024-06-12T09:03:37","guid":{"rendered":"https:\/\/qulto.eu\/?p=17094"},"modified":"2024-10-10T15:03:04","modified_gmt":"2024-10-10T15:03:04","slug":"helytorteneti-webinarium","status":"publish","type":"post","link":"https:\/\/qulto.eu\/hu\/helytorteneti-webinarium\/","title":{"rendered":"Korszer\u0171 helyt\u00f6rt\u00e9neti gy\u0171jtem\u00e9nykezel\u00e9s &#8211; webin\u00e1rium"},"content":{"rendered":"<p style=\"text-align: center;\"><img decoding=\"async\" src=\"https:\/\/qulto.eu\/wp-content\/uploads\/helytorteneti_webinar_poszt-.png\" \/><\/p>\n<p style=\"text-align: justify;\">Lok\u00e1lpatri\u00f3ta vagy? Egy ideje gy\u0171lnek a k\u00e9rd\u00e9seid a helyt\u00f6rt\u00e9neti gy\u0171jtem\u00e9ny szakmai m\u00e9lys\u00e9geir\u0151l \u00e9s gyakorlati l\u00e9p\u00e9seir\u0151l? Van egy r\u00e9g\u00f3ta d\u00e9delgetett \u00f6tleted, amihez inspir\u00e1ci\u00f3t gy\u0171jten\u00e9l? Van egy j\u00f3 h\u00edr\u00fcnk: 2024. j\u00fanius 26-\u00e1n, szerd\u00e1n egy webin\u00e1rium keret\u00e9ben v\u00e1runk minden \u00e9rdekl\u0151d\u0151t az online klubterm\u00fcnkbe, hogy a helyismeretr\u0151l, gy\u0171jtem\u00e9nyi szakmai k\u00e9rd\u00e9sekr\u0151l \u00e9s a kultur\u00e1lis \u00f6r\u00f6ks\u00e9g k\u00f6z\u00f6ss\u00e9g\u00e9p\u00edt\u0151 lehet\u0151s\u00e9geir\u0151l eszm\u00e9t cser\u00e9lhessen a nagy\u00e9rdem\u0171.<\/p>\n<p style=\"text-align: center; color: #97b51b;\"><strong>Kultur\u00e1lis \u00f6r\u00f6ks\u00e9gb\u0151l k\u00f6z\u00f6ss\u00e9g\u00e9p\u00edt\u00e9s? &#8211; Korszer\u0171 helyt\u00f6rt\u00e9neti gy\u0171jtem\u00e9nykezel\u00e9s<\/strong><\/p>\n<p style=\"text-align: center;\"><strong>2024. j\u00fanius 26. online webin\u00e1r<\/strong><\/p>\n<p style=\"text-align: center;\">A szakmai besz\u00e9lget\u00e9sen val\u00f3 r\u00e9szv\u00e9tel ingyenes, regisztr\u00e1lni az itt el\u00e9rhet\u0151 \u0171rlapon kereszt\u00fcl van lehet\u0151s\u00e9g. A regisztr\u00e1ci\u00f3 hat\u00e1rideje: j\u00fanius 25. 12:00<\/p>\n<p style=\"text-align: center;\"><strong><a href=\"https:\/\/docs.google.com\/forms\/d\/e\/1FAIpQLSe9QmLafv2Xa6qfaLKPPsK8i8YXIwU1uVC2e2luSmFCbW2lRw\/viewform?usp=sf_link\" target=\"_blank\" rel=\"noopener\">Regisztr\u00e1ci\u00f3<\/a><\/strong><\/p>\n<h6><strong>Program:<\/strong> <a class=\"non-arrow\" href=\"https:\/\/qulto.eu\/wp-content\/uploads\/helytorteneti_webinar_Program.pdf\" target=\"_blank\" rel=\"noopener\">(let\u00f6lthet\u0151 pdf<\/a>)<\/h6>\n<p style=\"text-align: justify;\"><strong>10:00 &#8211; 10:10<\/strong> Bevezet\u00e9s<\/p>\n<p style=\"text-align: justify;\"><strong>10:10 &#8211; 10:40<\/strong> Helyt\u00f6rt\u00e9neti gy\u0171jtem\u00e9nykezel\u00e9s Qulto eszk\u00f6z\u00f6kkel &#8211; <em>Simon Andr\u00e1s, k\u00f6zgy\u0171jtem\u00e9nyi szak\u00e9rt\u0151<\/em><\/p>\n<p style=\"text-align: justify;\"><strong>10:40 &#8211; 11:05<\/strong> Mi van a nyilv\u00e1ntart\u00e1son t\u00fal? Helyi k\u00f6z\u00f6ss\u00e9g bevon\u00e1sa &#8211; <em>Brada Hedvig, r\u00e9szlegvezet\u0151, term\u00e9ktulajdonos<\/em><\/p>\n<p style=\"text-align: justify;\"><strong>11:05 &#8211; 11:20<\/strong> Sz\u00e9kelykereszt\u00fari id\u0151utaz\u00e1s &#8211; <em>Bed\u0151 Melinda, oszt\u00e1lyvezet\u0151, K\u00e1joni J\u00e1nos Megyei K\u00f6nyvt\u00e1r, Cs\u00edkszereda<\/em><\/p>\n<p>Megh\u00edvott el\u0151ad\u00f3nk \u00e9vsz\u00e1zados id\u0151utaz\u00e1sra h\u00edvja az \u00e9rdekl\u0151d\u0151ket a k\u00f6nyvt\u00e1r \u2018Virtu\u00e1lis s\u00e9t\u00e1k\u2019 elnevez\u00e9s\u0171 projektj\u00e9nek keret\u00e9ben.<\/p>\n<p style=\"text-align: justify;\"><strong>11:20 &#8211; 11:35<\/strong> El\u0151zetesen jelentkez\u0151k j\u00f3gyakorlatainak bemutat\u00e1sa<\/p>\n<p><strong>11:35 &#8211; 12:00<\/strong> F\u00f3rum: ir\u00e1ny\u00edtott k\u00e9rd\u00e9sek ment\u00e9n besz\u00e9lget\u00e9s, vita a r\u00e9sztvev\u0151kkel<\/p>\n<p style=\"text-align: justify;\">\n","protected":false},"excerpt":{"rendered":"<p>Lok\u00e1lpatri\u00f3ta vagy? Egy ideje gy\u0171lnek a k\u00e9rd\u00e9seid a helyt\u00f6rt\u00e9neti gy\u0171jtem\u00e9ny szakmai m\u00e9lys\u00e9geir\u0151l [&hellip;]<\/p>\n","protected":false},"author":15,"featured_media":17096,"comment_status":"closed","ping_status":"closed","sticky":false,"template":"","format":"standard","meta":[],"categories":[14,11],"tags":[],"field_type":[6],"news_category":[20],"acf":[],"_links":{"self":[{"href":"https:\/\/qulto.eu\/hu\/wp-json\/wp\/v2\/posts\/17094"}],"collection":[{"href":"https:\/\/qulto.eu\/hu\/wp-json\/wp\/v2\/posts"}],"about":[{"href":"https:\/\/qulto.eu\/hu\/wp-json\/wp\/v2\/types\/post"}],"author":[{"embeddable":true,"href":"https:\/\/qulto.eu\/hu\/wp-json\/wp\/v2\/users\/15"}],"replies":[{"embeddable":true,"href":"https:\/\/qulto.eu\/hu\/wp-json\/wp\/v2\/comments?post=17094"}],"version-history":[{"count":14,"href":"https:\/\/qulto.eu\/hu\/wp-json\/wp\/v2\/posts\/17094\/revisions"}],"predecessor-version":[{"id":17118,"href":"https:\/\/qulto.eu\/hu\/wp-json\/wp\/v2\/posts\/17094\/revisions\/17118"}],"wp:featuredmedia":[{"embeddable":true,"href":"https:\/\/qulto.eu\/hu\/wp-json\/wp\/v2\/media\/17096"}],"wp:attachment":[{"href":"https:\/\/qulto.eu\/hu\/wp-json\/wp\/v2\/media?parent=17094"}],"wp:term":[{"taxonomy":"category","embeddable":true,"href":"https:\/\/qulto.eu\/hu\/wp-json\/wp\/v2\/categories?post=17094"},{"taxonomy":"post_tag","embeddable":true,"href":"https:\/\/qulto.eu\/hu\/wp-json\/wp\/v2\/tags?post=17094"},{"taxonomy":"field_type","embeddable":true,"href":"https:\/\/qulto.eu\/hu\/wp-json\/wp\/v2\/field_type?post=17094"},{"taxonomy":"news_category","embeddable":true,"href":"https:\/\/qulto.eu\/hu\/wp-json\/wp\/v2\/news_category?post=17094"}],"curies":[{"name":"wp","href":"https:\/\/api.w.org\/{rel}","templated":true}]}}