{"id":18428,"date":"2024-11-13T10:06:41","date_gmt":"2024-11-13T10:06:41","guid":{"rendered":"https:\/\/qulto.eu\/?p=18428"},"modified":"2024-11-13T14:38:09","modified_gmt":"2024-11-13T14:38:09","slug":"media-es-tartalomkezeles-webinarium","status":"publish","type":"post","link":"https:\/\/qulto.eu\/hu\/media-es-tartalomkezeles-webinarium\/","title":{"rendered":"M\u00e9dia- \u00e9s tartalomkezel\u00e9s &#8211; webin\u00e1rium"},"content":{"rendered":"<p><img decoding=\"async\" loading=\"lazy\" class=\"aligncenter wp-image-18499 size-large\" src=\"https:\/\/qulto.eu\/wp-content\/uploads\/tartalomkezeles_webinar_20241120-1024x577.png\" alt=\"Tartalomkezeles Webinar 20241120\" width=\"1024\" height=\"577\" srcset=\"https:\/\/qulto.eu\/wp-content\/uploads\/tartalomkezeles_webinar_20241120-1024x577.png 1024w, https:\/\/qulto.eu\/wp-content\/uploads\/tartalomkezeles_webinar_20241120-300x169.png 300w, https:\/\/qulto.eu\/wp-content\/uploads\/tartalomkezeles_webinar_20241120-768x433.png 768w, https:\/\/qulto.eu\/wp-content\/uploads\/tartalomkezeles_webinar_20241120-1536x865.png 1536w, https:\/\/qulto.eu\/wp-content\/uploads\/tartalomkezeles_webinar_20241120.png 1640w\" sizes=\"(max-width: 1024px) 100vw, 1024px\" \/><\/p>\n<p style=\"text-align: justify;\">A 2024 nyar\u00e1n megkezdett webin\u00e1r sorozatunk \u0151szi esem\u00e9ny\u00e9nek aprop\u00f3j\u00e1t ez\u00fattal a m\u00e9dia- \u00e9s tartalomkezel\u00e9s adja. Megh\u00edvott el\u0151ad\u00f3ink saj\u00e1t j\u00f3gyakorlataikon kereszt\u00fcl engednek majd bepillant\u00e1st a gy\u0171jtem\u00e9nyek m\u00e9diatartalmainak digitaliz\u00e1l\u00e1si, feldolgoz\u00e1si \u00e9s publikus megoszt\u00e1si lehet\u0151s\u00e9geibe.<\/p>\n<p style=\"text-align: center; color: #97b51b;\"><strong>Multi? M\u00e9dia? &#8211; Int\u00e9zm\u00e9nyi j\u00f3 gyakorlatokon kereszt\u00fcl \u00e1sunk a m\u00e9dia- \u00e9s tartalomkezel\u00e9s m\u00e9ly\u00e9re<\/strong><\/p>\n<p style=\"text-align: center;\"><strong>2024. november 20. online webin\u00e1r<\/strong><\/p>\n<p style=\"text-align: center;\">A szakmai besz\u00e9lget\u00e9sen val\u00f3 r\u00e9szv\u00e9tel ingyenes, regisztr\u00e1lni az itt el\u00e9rhet\u0151 \u0171rlapon kereszt\u00fcl van lehet\u0151s\u00e9g. A regisztr\u00e1ci\u00f3 hat\u00e1rideje: november 19. 12:00<\/p>\n<p style=\"text-align: center;\"><a href=\"https:\/\/forms.gle\/KPUZ7cBmj8F1nETT6\" target=\"_blank\" rel=\"noopener\"><strong><span style=\"text-decoration: underline;\">Regisztr\u00e1ci\u00f3<\/span><\/strong><\/a><\/p>\n<p><strong>Program<\/strong><\/p>\n<p style=\"text-align: justify;\"><strong>10:00 &#8211; 10:05<\/strong> Bevezet\u00e9s<\/p>\n<p style=\"text-align: justify;\"><strong>10:05 &#8211; 10:25 <\/strong>Baptista Tud\u00e1st\u00e1r &#8211; r\u00e9gi foly\u00f3iratok feldolgoz\u00e1sa, OCR korrekt\u00far\u00e1z\u00e1s jelent\u0151s\u00e9ge &#8211; <em>Balog L\u00e1szl\u00f3 projektvezet\u0151 (Baptista Tud\u00e1st\u00e1r)<\/em><\/p>\n<p style=\"text-align: justify;\"><strong>10:25 &#8211; 10:45 <\/strong>M\u00e9diakezel\u00e9s, m\u00e9diat\u00e1rol\u00e1s \u00e9s born digital m\u0171t\u00e1rgyak a Pet\u0151fi Irodalmi M\u00fazeum HunT\u00e9ka-adatb\u00e1zis\u00e1ban<em> &#8211; Dr. Hubay Mikl\u00f3s P\u00e9ter hum\u00e1ninformatikai csoportvezet\u0151 (MNMKK-PIM), egyetemi adjunktus (EKKE-DTI)<\/em><\/p>\n<p style=\"text-align: justify;\">&#8222;A born digital m\u0171t\u00e1rgyak kezel\u00e9si m\u00f3dszertan\u00e1nak kidolgoz\u00e1sa egyre fontosabb feladatt\u00e1 v\u00e1lik a k\u00f6zgy\u0171jtem\u00e9nyekben, \u00edgy a PIM-ben is. Int\u00e9zm\u00e9ny\u00fcnk m\u00e1r 2019-t\u0151l kezdve folytat elm\u00e9leti vizsg\u00e1l\u00f3d\u00e1sokat, illetve v\u00e9gez gyakorlati k\u00eds\u00e9rleteket az egyre nagyobb sz\u00e1mban hozz\u00e1nk \u00e9rkez\u0151, digit\u00e1lisan sz\u00fcletett \u00e1llom\u00e1nyok kezel\u00e9s\u00e9nek legk\u00fcl\u00f6nf\u00e9l\u00e9bb f\u00e1zisaival kapcsolatban: f\u00e9nyk\u00e9peket, k\u00e9ziratokat, hang- \u00e9s mozg\u00f3k\u00e9pfelv\u00e9teleket, eg\u00e9sz levelez\u00e9seket kell meg\u0151rizn\u00fcnk a j\u00f6v\u0151 kutat\u00f3inak. El\u0151ad\u00e1somban &#8211; a PIM m\u00e9dia\u00e1llom\u00e1ny-kezel\u00e9s\u00e9r\u0151l sz\u00f3l\u00f3 r\u00f6vid, \u00e1ltal\u00e1nos bevezet\u0151 ut\u00e1n &#8211; azt szeretn\u00e9m bemutatni, hogyan lehet felk\u00e9sz\u00edteni egy egy\u00e9bk\u00e9nt is sz\u00e1mos egyedi megold\u00e1ssal rendelkez\u0151 m\u00fazeumi gy\u0171jtem\u00e9nykezel\u0151 rendszert a digit\u00e1lisan sz\u00fcletett m\u0171t\u00e1rgyak le\u00edr\u00e1s\u00e1ra \u00e9s szolg\u00e1ltat\u00e1s\u00e1ra.&#8221;<\/p>\n<p style=\"text-align: justify;\"><strong>10:45 &#8211; 11:05 <\/strong>Sz\u00ednh\u00e1zt\u00f6rt\u00e9neti forr\u00e1sok az online kutat\u00e1s szolg\u00e1lat\u00e1ban &#8211; M\u00e9diakezel\u00e9si gyakorlat az Orsz\u00e1gos Sz\u00ednh\u00e1zt\u00f6rt\u00e9neti Int\u00e9zet \u00e9s M\u00fazeum Hunt\u00e9ka m\u00fazeumi rendszer\u00e9ben<em> &#8211; Huber Be\u00e1ta oszt\u00e1lyvezet\u0151, szakreferens; Berze N\u00f3ra szakreferens (Orsz\u00e1gos Sz\u00ednh\u00e1zt\u00f6rt\u00e9neti M\u00fazeum \u00e9s Int\u00e9zet)<\/em><strong><br \/>\n<\/strong><\/p>\n<p style=\"text-align: justify;\">&#8222;Int\u00e9zet\u00fcnkben a magyar sz\u00ednh\u00e1zi m\u00falttal kapcsolatos dokumentumok \u00e9s m\u0171t\u00e1rgyak meg\u0151rz\u00e9se \u00e9s nyilv\u00e1ntart\u00e1sba v\u00e9tele mellett egyre nagyobb hangs\u00falyt helyez\u00fcnk a kutat\u00e1s \u00e9s az oktat\u00e1s szerepl\u0151inek min\u00e9l rugalmasabb, online kiszolg\u00e1l\u00e1s\u00e1ra. El\u0151ad\u00e1sunkban ez ut\u00f3bbi gyakorlatot mutatjuk be t\u00f6bb oldalr\u00f3l: a sz\u00ednh\u00e1zi el\u0151ad\u00e1shoz kapcsol\u00f3d\u00f3 digit\u00e1lis vagy digitaliz\u00e1lt sz\u00f6veges, k\u00e9pi \u00e9s k\u00fcl\u00f6n\u00f6sen audiovizu\u00e1lis dokumentumok feldolgoz\u00e1s\u00e1ra \u00e9s k\u00f6zz\u00e9t\u00e9tel\u00e9re vonatkoz\u00f3 tapasztalatainkat \u00f6sszegezz\u00fck.&#8221;<\/p>\n<p style=\"text-align: justify;\"><strong>11:05 &#8211; 11:20 <\/strong>Zenehallgat\u00e1s a k\u00e1dban \u00e9s\/vagy a k\u00f6nyvt\u00e1rban: a multim\u00e9di\u00e1s tartalmak hozz\u00e1f\u00e9rhet\u0151s\u00e9g\u00e9nek lehet\u0151s\u00e9gei &#8211; <em>Z\u00e1honyi L\u00e1szl\u00f3, Popkultur\u00e1lis Klubk\u00f6nyvt\u00e1r csoportvezet\u0151 (Magyar Zene H\u00e1za)<\/em><\/p>\n<p style=\"text-align: justify;\">&#8222;A Magyar Zene H\u00e1za Popkultur\u00e1lis Klubk\u00f6nyvt\u00e1ra haz\u00e1nk egyik leg\u00fajabb nyilv\u00e1nos szakk\u00f6nyvt\u00e1ra, gy\u0171jt\u0151k\u00f6re pedig a popul\u00e1ris zen\u00e9t \u00f6leli fel. A nyomtatott \u00e9s zenei kiadv\u00e1nyok mellett egyre b\u0151v\u00fcl\u0151 online multim\u00e9di\u00e1s kollekci\u00f3val is rendelkezik, mely sz\u00e1mos k\u00e9rd\u00e9st vet fel azt illet\u0151en, hogy adott tartalom milyen jogosults\u00e1ggal \u00e9s hol, milyen eszk\u00f6z\u00f6n f\u00e9rhet\u0151 hozz\u00e1. Ha a jogi \u00fatveszt\u0151n \u00e1tjutottunk, a technikai megold\u00e1sok erre m\u00e1r k\u00e9zn\u00e9l vannak.&#8221;<\/p>\n<p><strong>11:20 &#8211; <\/strong>\u00a0F\u00f3rum: ir\u00e1ny\u00edtott k\u00e9rd\u00e9sek ment\u00e9n besz\u00e9lget\u00e9s a r\u00e9sztvev\u0151kkel<\/p>\n<p style=\"text-align: justify;\">\n","protected":false},"excerpt":{"rendered":"<p>A 2024 nyar\u00e1n megkezdett webin\u00e1r sorozatunk \u0151szi esem\u00e9ny\u00e9nek aprop\u00f3j\u00e1t ez\u00fattal a m\u00e9dia- [&hellip;]<\/p>\n","protected":false},"author":15,"featured_media":18429,"comment_status":"closed","ping_status":"closed","sticky":false,"template":"","format":"standard","meta":[],"categories":[14,11],"tags":[],"field_type":[5,6],"news_category":[20],"acf":[],"_links":{"self":[{"href":"https:\/\/qulto.eu\/hu\/wp-json\/wp\/v2\/posts\/18428"}],"collection":[{"href":"https:\/\/qulto.eu\/hu\/wp-json\/wp\/v2\/posts"}],"about":[{"href":"https:\/\/qulto.eu\/hu\/wp-json\/wp\/v2\/types\/post"}],"author":[{"embeddable":true,"href":"https:\/\/qulto.eu\/hu\/wp-json\/wp\/v2\/users\/15"}],"replies":[{"embeddable":true,"href":"https:\/\/qulto.eu\/hu\/wp-json\/wp\/v2\/comments?post=18428"}],"version-history":[{"count":17,"href":"https:\/\/qulto.eu\/hu\/wp-json\/wp\/v2\/posts\/18428\/revisions"}],"predecessor-version":[{"id":18519,"href":"https:\/\/qulto.eu\/hu\/wp-json\/wp\/v2\/posts\/18428\/revisions\/18519"}],"wp:featuredmedia":[{"embeddable":true,"href":"https:\/\/qulto.eu\/hu\/wp-json\/wp\/v2\/media\/18429"}],"wp:attachment":[{"href":"https:\/\/qulto.eu\/hu\/wp-json\/wp\/v2\/media?parent=18428"}],"wp:term":[{"taxonomy":"category","embeddable":true,"href":"https:\/\/qulto.eu\/hu\/wp-json\/wp\/v2\/categories?post=18428"},{"taxonomy":"post_tag","embeddable":true,"href":"https:\/\/qulto.eu\/hu\/wp-json\/wp\/v2\/tags?post=18428"},{"taxonomy":"field_type","embeddable":true,"href":"https:\/\/qulto.eu\/hu\/wp-json\/wp\/v2\/field_type?post=18428"},{"taxonomy":"news_category","embeddable":true,"href":"https:\/\/qulto.eu\/hu\/wp-json\/wp\/v2\/news_category?post=18428"}],"curies":[{"name":"wp","href":"https:\/\/api.w.org\/{rel}","templated":true}]}}