{"id":18735,"date":"2025-02-11T10:39:57","date_gmt":"2025-02-11T10:39:57","guid":{"rendered":"https:\/\/qulto.eu\/?p=18735"},"modified":"2025-03-04T10:37:40","modified_gmt":"2025-03-04T10:37:40","slug":"qulto-szakmai-nap-2025","status":"publish","type":"post","link":"https:\/\/qulto.eu\/hu\/qulto-szakmai-nap-2025\/","title":{"rendered":"Qulto Szakmai Nap 2025"},"content":{"rendered":"<p>&nbsp;<\/p>\r\n<p><img decoding=\"async\" loading=\"lazy\" class=\"aligncenter wp-image-18775\" src=\"https:\/\/qulto.eu\/wp-content\/uploads\/Qulto_Nap_2025_boritokep-300x169.png\" alt=\"Qulto Nap 2025 Boritokep\" width=\"820\" height=\"462\" srcset=\"https:\/\/qulto.eu\/wp-content\/uploads\/Qulto_Nap_2025_boritokep-300x169.png 300w, https:\/\/qulto.eu\/wp-content\/uploads\/Qulto_Nap_2025_boritokep-1024x577.png 1024w, https:\/\/qulto.eu\/wp-content\/uploads\/Qulto_Nap_2025_boritokep-768x433.png 768w, https:\/\/qulto.eu\/wp-content\/uploads\/Qulto_Nap_2025_boritokep-1536x865.png 1536w, https:\/\/qulto.eu\/wp-content\/uploads\/Qulto_Nap_2025_boritokep.png 1640w\" sizes=\"(max-width: 820px) 100vw, 820px\" \/><\/p>\r\n<p style=\"text-align: justify;\">A 2025-\u00f6s rendezv\u00e9ny\u00fcnk programj\u00e1ban &#8211; az elm\u00falt \u00e9v\u00fcnket \u00e9rint\u0151 besz\u00e1mol\u00f3kon t\u00fal &#8211; a k\u00f6nyvt\u00e1ri \u00e9s m\u00fazeumi k\u00f6zgy\u0171jtem\u00e9nyi munka hagyom\u00e1nyost\u00f3l elt\u00e9r\u0151 feladatai kapnak kiemelt szerepet.<\/p>\r\n<p style=\"text-align: justify;\">Tal\u00e1lkozzunk szem\u00e9lyesen <strong>2025. febru\u00e1r 26-\u00e1n a F\u0151v\u00e1rosi Szab\u00f3 Ervin K\u00f6nyvt\u00e1r B\u00e1lterm\u00e9ben<\/strong>!<\/p>\r\n<p style=\"text-align: center; color: #97b51b;\"><b>\u2757P\u00e1r nap alatt el\u00e9rt\u00fck a heysz\u00edn biztos\u00edtotta maximum r\u00e9sztvev\u0151sz\u00e1mot, \u00edgy regisztr\u00e1ci\u00f3s \u0171rlapunk jelenleg nem fogad t\u00f6bb jelentkez\u00e9st. \u2757<\/b><\/p>\r\n<p>A szem\u00e9lyes r\u00e9szv\u00e9tel mellett lehet\u0151s\u00e9g lesz online is k\u00f6vetni a programban 10:00-t\u0151l jelzett szakmai el\u0151ad\u00e1sokat a <strong><a href=\"https:\/\/www.youtube.com\/@fovarosiszaboervinkonyvtar1203\/streams\" target=\"_blank\" rel=\"noopener\">k\u00f6nyvt\u00e1r YouTube csatorn\u00e1j\u00e1n<\/a><\/strong>. R\u00e9szv\u00e9tel\u00fckre sz\u00e1m\u00edtunk ilyen form\u00e1ban is!<\/p>\r\n<p style=\"text-align: left;\">V\u00e1runk minden kedves \u00e9rdekl\u0151d\u0151t!<\/p>\r\n<p style=\"text-align: left;\">Qulto csapat<\/p>\r\n<h3 style=\"text-align: center;\">Program<\/h3>\r\n<!-- \/wp:heading -->\r\n\r\n<!-- wp:paragraph -->\r\n<p><strong><span class=\"has-inline-color\" style=\"color: #174b85;\">09:30 &#8211; 10:00 Regisztr\u00e1ci\u00f3, k\u00e1v\u00e9<\/span><\/strong><\/p>\r\n<p><span style=\"text-decoration: underline;\"><strong><span class=\"has-inline-color\" style=\"color: #174b85; text-decoration: underline;\">10:00 &#8211; 11:25\u00a0 I. szekci\u00f3<\/span><\/strong><\/span><\/p>\r\n<p><strong><span class=\"has-inline-color\" style=\"color: #174b85;\">10:00 &#8211; 10:10 <\/span><\/strong>Bevezet\u0151 (Czoboly Mikl\u00f3s, CEO, Qulto)<\/p>\r\n<!-- \/wp:heading -->\r\n\r\n<!-- wp:paragraph --><!-- \/wp:paragraph -->\r\n\r\n<!-- wp:heading {\"level\":5} --><!-- \/wp:heading -->\r\n\r\n<!-- wp:paragraph -->\r\n<p><strong><span class=\"has-inline-color\" style=\"color: #174b85;\">10:10 &#8211; 10:30 <\/span><\/strong>Az e-szolg\u00e1ltat\u00e1sok diverzifik\u00e1ci\u00f3ja \u00e9s kommunik\u00e1ci\u00f3ja a F\u0151v\u00e1rosi Szab\u00f3 Ervin K\u00f6nyvt\u00e1rban (Farkas Ferenc, igazgat\u00f3, K\u00f6zponti K\u00f6nyvt\u00e1r F\u0151v\u00e1rosi Szab\u00f3 Ervin K\u00f6nyvt\u00e1r)<\/p>\r\n<p><strong><span class=\"has-inline-color\" style=\"color: #174b85;\">10:30 &#8211; 10:35\u00a0 <\/span><\/strong>A felh\u0151 alap\u00fa rendszerhaszn\u00e1lat trendjei (Simon Andr\u00e1s, k\u00f6zgy\u0171jtem\u00e9nyi szak\u00e9rt\u0151, Qulto)<\/p>\r\n<p><strong><span class=\"has-inline-color\" style=\"color: #174b85;\">10:35 &#8211; 10:45\u00a0 <\/span><\/strong>Automatiz\u00e1lt munkafolyamatok &#8211; Fels\u0151oktat\u00e1si IKR integr\u00e1ci\u00f3s megold\u00e1sok\u00a0 &amp;\u00a0 Qulto Library &#8211; Webes k\u00f6lcs\u00f6nz\u0151pult (M\u00e1ty\u00e1s Melinda, term\u00e9ktulajdonos, Qulto)<\/p>\r\n<p><strong><span class=\"has-inline-color\" style=\"color: #174b85;\">10:45 &#8211; 10:50\u00a0 <\/span><\/strong>QULTO Digitize &#8211; M.I. alap\u00fa t\u00e1rgyszavaz\u00e1s (Kan\u00e1sz-Nagy Zolt\u00e1n, r\u00e9szlegvezet\u0151 &#8211; projektmenedzsment \u00e9s term\u00e9kek, Qulto)<\/p>\r\n<p><strong><span class=\"has-inline-color\" style=\"color: #174b85;\">10:50 &#8211; 10:55\u00a0 \u00a0<\/span><\/strong>QGraph &#8211; Interakt\u00edv vizualiz\u00e1ci\u00f3s eszk\u00f6z tud\u00e1sh\u00e1l\u00f3khoz (Dr. F\u00fcl\u00f6p Endre, vezet\u0151 rendszertervez\u0151, \u00fczleti elemz\u0151, Qulto)<\/p>\r\n<p><strong><span class=\"has-inline-color\" style=\"color: #174b85;\">10:55 &#8211; 11:10\u00a0 \u00a0<\/span><\/strong>Metaadatb\u00f3l gy\u0171jtem\u00e9ny: MuseuMap rekordok az Europeana-n, eredm\u00e9nyek \u00e9s tapasztalatok (Derzsy Dorottya, m\u00fazeumi informatikus, MNMKK Magyar Nemzeti M\u00fazeum Orsz\u00e1gos Muzeol\u00f3giai M\u00f3dszertani \u00e9s Inform\u00e1ci\u00f3s K\u00f6zpont)<\/p>\r\n<p><strong><span class=\"has-inline-color\" style=\"color: #174b85;\">11:10 &#8211; 11:20\u00a0 \u00a0<\/span><\/strong>Digit\u00e1lis seregszemle &#8211; a Hadimustra c\u00edm\u0171 id\u0151szaki ki\u00e1ll\u00edt\u00e1s interakt\u00edv fejleszt\u00e9se (De\u00e1k G\u00e1bor, fejleszt\u00e9si r\u00e9szlegvezet\u0151, Qulto)<\/p>\r\n<p><strong><span class=\"has-inline-color\" style=\"color: #174b85;\">11:20 &#8211; 11:25\u00a0 \u00a0<\/span><\/strong>Payment &#8211; Egy \u00faj szolg\u00e1ltat\u00e1s bevezet\u00e9s\u00e9nek el\u0151nyei \u00e9s buktat\u00f3i (Brada Hedvig, \u00e9rt\u00e9kes\u00edt\u00e9si vezet\u0151, \u00fcgyf\u00e9lmenedzser, Qulto)<\/p>\r\n<!-- \/wp:paragraph -->\r\n\r\n<!-- wp:heading {\"level\":5} -->\r\n<p><strong><span class=\"has-inline-color\" style=\"color: #174b85;\">15 perc sz\u00fcnet<\/span><\/strong><\/p>\r\n<p><span style=\"text-decoration: underline;\"><strong><span class=\"has-inline-color\" style=\"color: #174b85; text-decoration: underline;\">11:40 &#8211; 12:50 II. szekci\u00f3<\/span><\/strong><\/span><\/p>\r\n<!-- \/wp:heading -->\r\n\r\n<!-- wp:paragraph -->\r\n<p><strong><span class=\"has-inline-color\" style=\"color: #174b85;\">11:40 &#8211; 12:00\u00a0 <\/span><\/strong>Isac Emil &#8211; m\u00fazeum a k\u00f6nyvt\u00e1rban (F\u00e1bi\u00e1n R\u00f3bert-Don\u00e1t, k\u00f6nyvt\u00e1ros, K\u00fcl\u00f6ngy\u0171jtem\u00e9nyek, helyismeret \u00e9s helyt\u00f6rt\u00e9net r\u00e9szleg, Octavian Goga Kolozs Megyei K\u00f6nyvt\u00e1r \u2013 Kolozsv\u00e1r)<\/p>\r\n<p><strong><span class=\"has-inline-color\" style=\"color: #174b85;\">12:00 &#8211; 12:20\u00a0 <\/span><\/strong>ArchivEger &#8211; Audiovizu\u00e1lis helyi \u00e9rt\u00e9keink meg\u0151rz\u00e9se \u00e9s megoszt\u00e1sa (Vas G\u00e1bor Tam\u00e1s, igazgat\u00e1si igazgat\u00f3helyettes, informatikai oszt\u00e1lyvezet\u0151, Br\u00f3dy S\u00e1ndor K\u00f6nyvt\u00e1r)<\/p>\r\n<p><strong><span class=\"has-inline-color\" style=\"color: #174b85;\">12:20 &#8211; 12:50\u00a0 <\/span><\/strong>ELTE digit\u00e1lis tananyag-repozit\u00f3rium (Nemes L\u00e1szl\u00f3, Ph.D. ELTE RRF Digit\u00e1lis tananyag-repozit\u00f3rium alprojekt koordin\u00e1tor; M\u00f3ring Tibor, kutat\u00e1st\u00e1mogat\u00f3 k\u00f6nyvt\u00e1ros, ELTE Egyetemi K\u00f6nyvt\u00e1r \u00e9s Lev\u00e9lt\u00e1r)<\/p>\r\n<p><strong><span class=\"has-inline-color\" style=\"color: #174b85;\">Szendvicseb\u00e9d \u00e9s Tombola <\/span><\/strong>(szelv\u00e9ny a r\u00e9sztvev\u0151i csomagban)<\/p>\r\n<h6><strong><!-- \/wp:paragraph -->\r\n\r\n<!-- wp:heading {\"level\":5} --><\/strong><\/h6>\r\n<p><span style=\"text-decoration: underline;\"><strong><span class=\"has-inline-color\" style=\"color: #174b85; text-decoration: underline;\">13:30 ~ 14:45 Poszter szekci\u00f3<\/span><\/strong><\/span><\/p>\r\n<!-- \/wp:heading -->\r\n\r\n<!-- wp:paragraph --><!-- \/wp:paragraph -->\r\n\r\n<!-- wp:heading {\"level\":5} -->\r\n<p>Workshop asztalok t\u00e9m\u00e1i:<\/p>\r\n<p><strong>1. Adat- \u00e9s tananyag-repozit\u00f3rium (megh\u00edvott vend\u00e9gekkel)<\/strong><\/p>\r\n<p><strong><span class=\"has-inline-color\" style=\"color: #174b85;\">\u00a013:35 &#8211; 13:45\u00a0 <\/span><\/strong>poszter prezent\u00e1ci\u00f3: &#8216;Digit\u00e1lis tananyag-repozit\u00f3rium&#8217;<\/p>\r\n<p><strong>2. Qulto Stat<\/strong><\/p>\r\n<p><strong><span class=\"has-inline-color\" style=\"color: #174b85;\">13:50- 14:00\u00a0 <\/span><\/strong>poszter prezent\u00e1ci\u00f3: &#8216;Qulto Stat mint a szolg\u00e1ltat\u00e1sfejleszt\u00e9s eszk\u00f6ze&#8217;<\/p>\r\n<p><strong>3. Excel import m\u00fazeumoknak<\/strong><\/p>\r\n<p><strong><span class=\"has-inline-color\" style=\"color: #174b85;\">14:05 &#8211; 14:15\u00a0 \u00a0<\/span><\/strong>poszter prezent\u00e1ci\u00f3: &#8216;\u00c1lneve &#8222;Excel import&#8221; &#8211; T\u00e1bl\u00e1zatkezel\u0151kben r\u00f6gz\u00edtett lelt\u00e1rk\u00f6nyvi adatok bet\u00f6lt\u00e9se HunT\u00e9ka m\u00fazeumi rendszer felhaszn\u00e1l\u00f3i fel\u00fclet\u00e9n&#8217;<\/p>\r\n<p><strong>4. Attrakci\u00f3<\/strong><\/p>\r\n<p><strong><span class=\"has-inline-color\" style=\"color: #174b85;\">14:20 &#8211; 14:30\u00a0 <\/span><\/strong>poszter prezent\u00e1ci\u00f3: &#8216;Van egy j\u00f3 sztorid?&#8217;<\/p>\r\n<p><strong>5. Ter\u00edt\u00e9ken a term\u00e9kt\u00e1mogat\u00e1s<\/strong><\/p>\r\n<p><strong><span class=\"has-inline-color\" style=\"color: #174b85;\">14:35 &#8211; 14:45\u00a0 <\/span><\/strong>poszter prezent\u00e1ci\u00f3: &#8216;A PEAS \u00e9s ami m\u00f6g\u00f6tte van &#8211; Az \u00fcgyf\u00e9lszolg\u00e1lati munka rejtelmei&#8217;<\/p>\r\n<p style=\"text-align: justify;\">Partner c\u00e9g\u00fcnk, a <strong>SmartFreq Kft.<\/strong> korszer\u0171 RFID technol\u00f3giai megold\u00e1sokat bemutat\u00f3 standja a szakmai nap eg\u00e9sze alatt l\u00e1togathat\u00f3.<\/p>\r\n<p>A programv\u00e1ltoz\u00e1s jog\u00e1t fenntartjuk!\u00a0<\/p>","protected":false},"excerpt":{"rendered":"<p>&nbsp; A 2025-\u00f6s rendezv\u00e9ny\u00fcnk programj\u00e1ban &#8211; az elm\u00falt \u00e9v\u00fcnket \u00e9rint\u0151 besz\u00e1mol\u00f3kon t\u00fal [&hellip;]<\/p>\n","protected":false},"author":15,"featured_media":18775,"comment_status":"closed","ping_status":"closed","sticky":false,"template":"","format":"standard","meta":[],"categories":[14,13,12,11],"tags":[],"field_type":[],"news_category":[20],"acf":[],"_links":{"self":[{"href":"https:\/\/qulto.eu\/hu\/wp-json\/wp\/v2\/posts\/18735"}],"collection":[{"href":"https:\/\/qulto.eu\/hu\/wp-json\/wp\/v2\/posts"}],"about":[{"href":"https:\/\/qulto.eu\/hu\/wp-json\/wp\/v2\/types\/post"}],"author":[{"embeddable":true,"href":"https:\/\/qulto.eu\/hu\/wp-json\/wp\/v2\/users\/15"}],"replies":[{"embeddable":true,"href":"https:\/\/qulto.eu\/hu\/wp-json\/wp\/v2\/comments?post=18735"}],"version-history":[{"count":56,"href":"https:\/\/qulto.eu\/hu\/wp-json\/wp\/v2\/posts\/18735\/revisions"}],"predecessor-version":[{"id":18972,"href":"https:\/\/qulto.eu\/hu\/wp-json\/wp\/v2\/posts\/18735\/revisions\/18972"}],"wp:featuredmedia":[{"embeddable":true,"href":"https:\/\/qulto.eu\/hu\/wp-json\/wp\/v2\/media\/18775"}],"wp:attachment":[{"href":"https:\/\/qulto.eu\/hu\/wp-json\/wp\/v2\/media?parent=18735"}],"wp:term":[{"taxonomy":"category","embeddable":true,"href":"https:\/\/qulto.eu\/hu\/wp-json\/wp\/v2\/categories?post=18735"},{"taxonomy":"post_tag","embeddable":true,"href":"https:\/\/qulto.eu\/hu\/wp-json\/wp\/v2\/tags?post=18735"},{"taxonomy":"field_type","embeddable":true,"href":"https:\/\/qulto.eu\/hu\/wp-json\/wp\/v2\/field_type?post=18735"},{"taxonomy":"news_category","embeddable":true,"href":"https:\/\/qulto.eu\/hu\/wp-json\/wp\/v2\/news_category?post=18735"}],"curies":[{"name":"wp","href":"https:\/\/api.w.org\/{rel}","templated":true}]}}