{"id":5907,"date":"2021-02-19T14:00:26","date_gmt":"2021-02-19T14:00:26","guid":{"rendered":"https:\/\/qulto.eu\/?p=5907"},"modified":"2024-10-10T15:13:20","modified_gmt":"2024-10-10T15:13:20","slug":"qulto-szakmai-napok-beszamolo","status":"publish","type":"post","link":"https:\/\/qulto.eu\/hu\/qulto-szakmai-napok-beszamolo\/","title":{"rendered":"Qulto Szakmai Napok &#8211; Besz\u00e1mol\u00f3"},"content":{"rendered":"\n<div class=\"wp-block-image\"><figure class=\"aligncenter size-medium\"><img decoding=\"async\" loading=\"lazy\" width=\"300\" height=\"225\" src=\"https:\/\/qulto.eu\/wp-content\/uploads\/2021\/02\/QD4_1200x900_hu-1-300x225.png\" alt=\"\" class=\"wp-image-5679\" srcset=\"https:\/\/qulto.eu\/wp-content\/uploads\/2021\/02\/QD4_1200x900_hu-1-300x225.png 300w, https:\/\/qulto.eu\/wp-content\/uploads\/2021\/02\/QD4_1200x900_hu-1-1024x769.png 1024w, https:\/\/qulto.eu\/wp-content\/uploads\/2021\/02\/QD4_1200x900_hu-1-768x576.png 768w, https:\/\/qulto.eu\/wp-content\/uploads\/2021\/02\/QD4_1200x900_hu-1.png 1199w\" sizes=\"(max-width: 300px) 100vw, 300px\" \/><\/figure><\/div>\n\n\n\n<p>Els\u0151, online k\u00e9t napos <strong>Qulto Napok<\/strong> rendezv\u00e9ny\u00fcnket <strong>2021. febru\u00e1r 3-4-\u00e9n<\/strong> tartottuk, rekordsz\u00e1m\u00fa, t\u00f6bb mint 450 regisztr\u00e1lt&nbsp; \u00e9rdekl\u0151d\u0151vel. A m\u00e1ig tart\u00f3 j\u00e1rv\u00e1ny\u00fcgyi korl\u00e1toz\u00e1sok miatt rendhagy\u00f3 m\u00f3don csak virtu\u00e1lis keretek k\u00f6z\u00f6tt, t\u00f6bb platformon is k\u00f6vethett\u00e9k az \u00e9rdekl\u0151d\u0151k a szakmai nap programj\u00e1t.&nbsp;<\/p>\n\n\n\n<p>K\u00e9t napos rendezv\u00e9ny\u00fcnk mott\u00f3j\u00e1ul egy Churchill-id\u00e9zetet v\u00e1lasztottunk, ezzel is hangs\u00falyozva, hogy m\u00e9gha az \u00e9letben \u00e9s a munk\u00e1nkban sok <strong>v\u00e1ltoz\u00e1s<\/strong> is t\u00f6rt\u00e9nt, a sok v\u00e1ltoz\u00e1s \u00e9s az alkalmazkod\u00e1s fejl\u0151d\u00e9st hoz \u00e9s elengedhetetlen r\u00e9sze az \u00e9letnek.<\/p>\n\n\n\n<figure class=\"wp-block-pullquote is-style-default\" style=\"border-color:#8ed1fc\"><blockquote><p> <strong>\u201eV\u00e1ltoznod kell ahhoz, hogy fejl\u0151dj,  \u00e9s gyakran kell v\u00e1ltoznod ahhoz,  hogy t\u00f6k\u00e9letess\u00e9 v\u00e1lj!\u201d  <\/strong><\/p><p><strong>(W. Churchill) <\/strong><\/p><\/blockquote><\/figure>\n\n\n\n<p>Az els\u0151 napon&nbsp; a magyarorsz\u00e1gi, a m\u00e1sodikon a nemzetk\u00f6zi p\u00e9ld\u00e1kon kereszt\u00fcl mutattuk be a k\u00f6zgy\u0171jtem\u00e9nyek digitaliz\u00e1l\u00e1si strat\u00e9gi\u00e1it, digitaliz\u00e1l\u00e1st el\u0151seg\u00edt\u00f3 eszk\u00f6zeit vagy \u00e9ppen a COVID-hoz val\u00f3 alkalmazkod\u00e1s p\u00e9ld\u00e1it.<\/p>\n\n\n\n<p><strong>Az els\u0151 nap k\u00e9t f\u0151 r\u00e9szb\u0151l \u00e1llt:<\/strong> az els\u0151ben a c\u00e9g vezet\u0151i ismertett\u00e9k a <strong>2020-as \u00e9v fontosabb eredm\u00e9nyeit<\/strong>, fejleszt\u00e9seit \u00e9s fejleszt\u00e9si ir\u00e1nyait, a m\u00e1sodik r\u00e9szben pedig <strong>felk\u00e9rt k\u00f6nyvt\u00e1rvezet\u0151k, m\u00fazeumvezet\u0151k, k\u00f6nyvt\u00e1rosok,&nbsp; m\u00fazeol\u00f3gusok sz\u00e1moltak be<\/strong> az innovat\u00edv megold\u00e1saikr\u00f3l \u00e9s tapasztalataikr\u00f3l a pand\u00e9mia kapcs\u00e1n (Covid edition).<\/p>\n\n\n\n<p>A bevezet\u0151 r\u00e9szben <strong>K\u00e1rm\u00e1n L\u00e1szl\u00f3, Czoboly Mikl\u00f3s \u00e9s Tarj\u00e1ni Gyula<\/strong> c\u00e9gvezet\u0151k \u00e9rt\u00e9kelt\u00e9k az elm\u00falt \u00e9vet, kiemelve, hogy a fejl\u0151d\u00e9s nem \u00e1llt meg, s\u0151t, sok szervezeti \u00e1talakul\u00e1s t\u00f6rt\u00e9nt annak \u00e9rdek\u00e9ben, hogy hat\u00e9konyabb \u00e9s \u00e1tl\u00e1that\u00f3bb legyen a v\u00e1llalat m\u0171k\u00f6d\u00e9se. Ezek k\u00f6z\u00f6tt megt\u00f6rt\u00e9nt a folyamatok fel\u00fclvizsg\u00e1lata, \u00faj folyamatok bevezet\u00e9se, illetve a pand\u00e9mia ellen\u00e9re, tapasztalt koll\u00e9g\u00e1kkal b\u0151v\u00fclt a Monguz csapata. A 2021-es c\u00e9ljaink k\u00f6z\u00f6tt szerepelnek az eredm\u00e9nyek tov\u00e1bbfejleszt\u00e9se, a kommunik\u00e1ci\u00f3 er\u0151s\u00edt\u00e9se (online csatorn\u00e1kon \u00e9s \u00fcgyf\u00e9lel\u00e9gedetts\u00e9g-m\u00e9r\u00e9ssel), illetve a term\u00e9kportf\u00f3li\u00f3 b\u0151v\u00edt\u00e9se az \u00fajonnan elk\u00e9sz\u00fclt vagy elk\u00e9sz\u00fcl\u0151 alkalmaz\u00e1sokkal.<\/p>\n\n\n\n<p><\/p>\n\n\n\n<figure class=\"wp-block-embed-youtube wp-block-embed is-type-video is-provider-youtube wp-embed-aspect-16-9 wp-has-aspect-ratio\"><div align=\"center\" class=\"wp-block-embed__wrapper\">\n<iframe loading=\"lazy\" title=\"Qulto 2020\" width=\"500\" height=\"281\" src=\"https:\/\/www.youtube.com\/embed\/ge_3H9z45SM?feature=oembed\" frameborder=\"0\" allow=\"accelerometer; autoplay; clipboard-write; encrypted-media; gyroscope; picture-in-picture\" allowfullscreen><\/iframe>\n<\/div><\/figure>\n\n\n\n<p><\/p>\n\n\n\n<p>Megnyit\u00f3 szakmai el\u0151ad\u00e1sban, <strong>Pancza J\u00e1nos<\/strong>, QULTO portf\u00f3li\u00f3 menedzsere mutatta be a <strong>Qulto digit\u00e1lis \u00f6kosziszt\u00e9m\u00e1j\u00e1t, <\/strong>melynek elemei:<\/p>\n\n\n\n<p>\u00b7 &nbsp; &nbsp; &nbsp; Manage (pl. HunT\u00e9ka, Corvina)<\/p>\n\n\n\n<p>\u00b7 &nbsp; &nbsp; &nbsp; Digital (pl. Digitize, SimilR)<\/p>\n\n\n\n<p>\u00b7 &nbsp; &nbsp; &nbsp; Connect (pl. OPAC3, FRBR katal\u00f3gus, ReCatalog, eCard)<\/p>\n\n\n\n<p>\u00b7 &nbsp; &nbsp; &nbsp; Attract (pl. Education, V\u00e1rosfoglal\u00f3)<\/p>\n\n\n\n<p>A Qulto2 platformmal kapcsolatban kiemelte, hogy FOLIO-kompatibilis, microservice architekt\u00far\u00e1j\u00fa \u00e9s teljesen magyar fejleszt\u00e9s\u0171, amely olyan technikai megval\u00f3s\u00edt\u00e1sokat haszn\u00e1l mint a Docker, Keykloack authentik\u00e1ci\u00f3 \u00e9s a React.<\/p>\n\n\n\n<p>M\u00e1sodik szakmai el\u0151ad\u00e1sunkban, <strong>Dr. F\u00fcl\u00f6p Endre<\/strong> rendszertervez\u0151 a <strong>Qulto szemantikus tud\u00e1sh\u00e1l\u00f3<\/strong> k\u00fcl\u00f6nb\u00f6z\u0151 megold\u00e1sair\u00f3l besz\u00e9lt, melynek egyik egyik izgalmas felhaszn\u00e1l\u00e1si ter\u00fclete a kultur\u00e1lis turizmus. Ezt a <strong>LiteraT\u00fara <\/strong>alkalmaz\u00e1sunk p\u00e9ld\u00e1j\u00e1n mutatta be koll\u00e9g\u00e1nk, amellyel a mobiltelefonunk jelezheti, ha \u00e9ppen egy irodalmi m\u0171ben megtal\u00e1lhat\u00f3 nevezetes helysz\u00ednen j\u00e1runk vagy ford\u00edtva is: egy t\u00e9rk\u00e9p seg\u00edts\u00e9g\u00e9vel megtekinthetn\u00e9nk, hogy milyen alkot\u00e1sok sz\u00f3lnak az adott telep\u00fcl\u00e9sr\u0151l, ahov\u00e1 \u00e9ppen k\u00e9sz\u00fcl\u00fcnk. Ezenk\u00edv\u00fcl a k\u00f6nyvt\u00e1ri ter\u00fcleten is tud hasznosulni ez a tud\u00e1sh\u00e1l\u00f3: szerz\u0151i jogi inform\u00e1ci\u00f3kat \u00e9s egy-egy m\u0171 kiad\u00e1sait \u00f6sszefog\u00f3 FRBR-katal\u00f3gus k\u00e9sz\u00edthet\u0151 a seg\u00edts\u00e9g\u00e9vel.<\/p>\n\n\n\n<div class=\"wp-block-image\"><figure class=\"aligncenter size-full\"><img decoding=\"async\" loading=\"lazy\" width=\"600\" height=\"338\" src=\"https:\/\/qulto.eu\/wp-content\/uploads\/2021\/02\/Ecard.png\" alt=\"\" class=\"wp-image-5913\" srcset=\"https:\/\/qulto.eu\/wp-content\/uploads\/2021\/02\/Ecard.png 600w, https:\/\/qulto.eu\/wp-content\/uploads\/2021\/02\/Ecard-300x169.png 300w\" sizes=\"(max-width: 600px) 100vw, 600px\" \/><\/figure><\/div>\n\n\n\n<p>Harmadik, \u00e9s tal\u00e1n legjobban v\u00e1rt el\u0151ad\u00e1sunk a 2020 sor\u00e1n elk\u00e9sz\u00fclt \u00e9s az id\u00e9n hajr\u00e1ba ker\u00fclt mobilapplik\u00e1ci\u00f3kr\u00f3l sz\u00f3ltak. <strong>Erd\u0151s Zolt\u00e1n<\/strong>, a fejleszt\u00e9si oszt\u00e1ly vezet\u0151je bemutatta a Google Play \u00e1ruh\u00e1zban nemr\u00e9g nyilv\u00e1noss\u00e1 tett Qulto <strong>eCard<\/strong> alkalmaz\u00e1st, amely seg\u00edts\u00e9g\u00e9vel a Corvin\u00e1t vagy a HunT\u00e9k\u00e1t haszn\u00e1l\u00f3 k\u00f6nyvt\u00e1rak olvas\u00f3i k\u00e9nyelmesen elv\u00e9gezhetik a k\u00f6nyvt\u00e1ri \u00fcgyeiket a kanap\u00e9r\u00f3l vagy \u00e9pp a buszr\u00f3l: hosszabb\u00edthatnak, el\u0151jegyezhetnek, f\u00e9lret\u00e9teli k\u00e9r\u00e9st ind\u00edthatnak, illetve ellen\u0151rizhetik, hogy milyen dokumentumokat k\u00f6lcs\u00f6n\u00f6znek \u00e9pp, \u00e9s van-e tartoz\u00e1suk. Az applik\u00e1ci\u00f3ban be\u00e1ll\u00edthat\u00f3 az is, hogy milyen gyakran szeretn\u00e9nek \u00e9rtes\u00edt\u00e9seket kapni a k\u00f6zelg\u0151 hat\u00e1rid\u0151kr\u0151l. Az el\u0151ad\u00e1s legnagyobb h\u00edre az volt, amikor bejelentett\u00fck, hogy a Qulto eCard applik\u00e1ci\u00f3t a Qulto support szerz\u0151d\u00e9ssel rendelkez\u0151 k\u00f6nyvt\u00e1rak sz\u00e1m\u00e1ra d\u00edjmentesen konfigur\u00e1ljuk, ezzel is seg\u00edtve a digit\u00e1lis jelenl\u00e9t\u00fcket.<\/p>\n\n\n\n<p>Negyedik c\u00e9ges el\u0151ad\u00e1sunkban elkalandoztunk az attrakci\u00f3 ir\u00e1ny\u00e1ba. <strong>De\u00e1k G\u00e1bor<\/strong> vezet\u0151 fejleszt\u0151 mobilos \u00e9s webes alkalmaz\u00e1sokat ismertetett f\u0151k\u00e9nt kultur\u00e1lis turizmus t\u00e9mak\u00f6rben:<\/p>\n\n\n\n<p>\u00b7 &nbsp; \t<strong>V\u00e1rosfoglal\u00f3 2.0<\/strong> webapplik\u00e1ci\u00f3nk seg\u00edts\u00e9g\u00e9vel az adott telep\u00fcl\u00e9s helysz\u00edneihez k\u00f6t\u0151d\u0151 kultur\u00e1lis, tematikus t\u00far\u00e1kat, \u00e9s ezekhez kv\u00edzeket, j\u00e1t\u00e9kos feladatokat hozhatnak l\u00e9tre az int\u00e9zm\u00e9nyek.<\/p>\n\n\n\n<p>\u00b7 &nbsp; \t<strong>K\u00e9rd\u00e9sbank<\/strong>: olyan online kv\u00edzk\u00e9rd\u00e9s adatb\u00e1zis, amely a Qulto szemantikus tud\u00e1sh\u00e1l\u00f3ra \u00e9p\u00fclve k\u00e9pes k\u00e9rd\u00e9seket gener\u00e1lni, an\u00e9lk\u00fcl hogy az int\u00e9zm\u00e9nynek \u00f3r\u00e1kat kellene azzal t\u00f6ltenie, hogy k\u00e9zzel regisztr\u00e1lja a k\u00e9rd\u00e9seket \u00e9s v\u00e1laszokat a k\u00fcl\u00f6nb\u00f6z\u0151 applik\u00e1ci\u00f3kba.<\/p>\n\n\n\n<p>\u00b7 &nbsp; \t<strong>Qulto 360:<\/strong> a mainstream nemzetk\u00f6zi szolg\u00e1ltat\u00f3kt\u00f3l elt\u00e9r\u0151en t\u00f6bb funkci\u00f3val ell\u00e1tott webalkalmaz\u00e1sban g\u00f6mbpanor\u00e1m\u00e1s k\u00e9pekb\u0151l k\u00e9sz\u00edthet\u00fcnk virtu\u00e1lis ki\u00e1ll\u00edt\u00e1st. Az applik\u00e1ci\u00f3 seg\u00edts\u00e9g\u00e9vel nemcsak bej\u00e1rhat\u00f3 egy t\u00e9r, de a kihelyezett markerek seg\u00edts\u00e9g\u00e9vel digitaliz\u00e1lt k\u00f6zkincs is megjelen\u00edthet\u0151, k\u00e9p, audi\u00f3, vide\u00f3 vagy ak\u00e1r 3D objektum form\u00e1j\u00e1ban, hogy a felhaszn\u00e1l\u00f3 ne csak k\u00f6rbe j\u00e1rja a teret, de min\u00e9l t\u00f6bb inform\u00e1ci\u00f3t is kapjon az adott ki\u00e1ll\u00edt\u00e1s legfontosabb t\u00e1rgyair\u00f3l, t\u00f6rt\u00e9neteir\u0151l.<\/p>\n\n\n\n<p>\u00b7 &nbsp; \t<strong>Storytelling<\/strong>: egy \u00faj Qulto applik\u00e1ci\u00f3 a kreat\u00edv tartalomk\u00e9sz\u00edt\u00e9shez, amely egy-egy t\u00f6rt\u00e9net megismer\u00e9s\u00e9hez tud\u00e1st\u00e9rk\u00e9p alap\u00fa n\u00e9zetet is ad, ezzel lehet\u0151v\u00e9 t\u00e9ve, hogy egy virtu\u00e1lis ki\u00e1ll\u00edt\u00e1s m\u00e1r ne csak egy line\u00e1ris \u00e9lm\u00e9ny legyen, hanem egy szabadon bej\u00e1rhat\u00f3, felhaszn\u00e1l\u00f3 interakci\u00f3in is alapul\u00f3 tud\u00e1s\u00e1tad\u00e1s.<\/p>\n\n\n\n<p>\u00b7 &nbsp; \t<strong>LiteraT\u00fara<\/strong>: a Qulto Szemantikus tud\u00e1sh\u00e1l\u00f3ra \u00e9p\u00fcl\u0151 mobil alkalmaz\u00e1s, amely az irodalmi m\u0171veket nemcsak k\u00fcl\u00f6nb\u00f6z\u0151 filterek alapj\u00e1n aj\u00e1nlja a felhaszn\u00e1l\u00f3nak, de azokat (\u00e9s azok karaktereit) \u00f6sszek\u00f6ti a val\u00f3s helysz\u00ednekkel, turisztikai aktivit\u00e1sokkal, \u00e9s \u00e9rtes\u00edt\u00e9st k\u00fcld a felhaszn\u00e1l\u00f3nak, ha a k\u00f6zel\u00fcnkben egy m\u0171ben is szerepl\u0151 helysz\u00edn van &#8211; ezzel is a mindennapjaink r\u00e9sz\u00e9v\u00e9 t\u00e9ve az irodalmat.<\/p>\n\n\n\n<p>A Qulto szakmai nap m\u00e1sodik tartalmi egys\u00e9g\u00e9ben <strong>Dr<\/strong>. <strong>Kov\u00e1cs B\u00e9la L\u00f3r\u00e1ntt\u00f3l<\/strong>, a debreceni M\u00e9liusz Juh\u00e1sz P\u00e9ter K\u00f6nyvt\u00e1r igazgat\u00f3j\u00e1t\u00f3l hallhattunk a hamarosan indul\u00f3 leg\u00fajabb, \u00e9rint\u00e9smentes k\u00f6nyvt\u00e1ri szolg\u00e1ltat\u00e1sukr\u00f3l: a Foxpost-automat\u00e1khoz hasonl\u00f3, az RFID technol\u00f3gi\u00e1val m\u0171k\u00f6d\u0151 <strong>k\u00f6nyvkiad\u00f3 automat\u00e1r\u00f3l<\/strong>. A v\u00e1ros t\u00f6bb pontj\u00e1n helyeztek el ilyen automat\u00e1kat, \u00e9s a k\u00f6nyvek kisz\u00e1ll\u00edt\u00e1sa ut\u00e1n az olvas\u00f3k tetsz\u0151leges id\u0151pontban az olvas\u00f3jegy\u00fckkel \u00e1tvehetik a k\u00f6lcs\u00f6n\u00f6zni k\u00edv\u00e1nt k\u00f6teteket, valamint vissza is vihetik a dokumentumokat az automat\u00e1kba.<\/p>\n\n\n\n<p><strong>Sz\u00f3ll\u00e1s P\u00e9ter<\/strong>, az EMMI f\u0151oszt\u00e1lyvezet\u0151je \u00f6sszefoglalta a k\u00f6nyvt\u00e1rak strat\u00e9gi\u00e1it a j\u00e1rv\u00e1nyhelyzet idej\u00e9n, \u00e9s azt is elmondta, hogy milyen k\u00f6zponti szolg\u00e1ltat\u00e1sokkal igyekeztek seg\u00edteni az inform\u00e1ci\u00f3megoszt\u00e1st, pl. a k\u00f6nyvt\u00e1rak.hu fel\u00fclete \u00e9s a K\u00f6nyvt\u00e1ri Int\u00e9zet \u00f6sszefoglal\u00f3i a k\u00f6rnyez\u0151 orsz\u00e1gok k\u00f6nyvt\u00e1ri gyakorlataib\u00f3l.<\/p>\n\n\n\n<p>A Qulto rendezv\u00e9nyt egy tartalmas <strong>kerekasztal-besz\u00e9lget\u00e9s<\/strong> z\u00e1rta, amelynek r\u00e9sztvev\u0151i elmondt\u00e1k a k\u00f6nyvt\u00e1ruk tapasztalatait a pand\u00e9mia idej\u00e9n ny\u00fajtott szolg\u00e1ltat\u00e1sokr\u00f3l \u00e9s arr\u00f3l, hogy hogyan v\u00e1ltoztatta meg a tart\u00f3s z\u00e1rva tart\u00e1s a munkaszervez\u00e9si m\u00f3dszereiket \u00e9s az olvas\u00f3kkal val\u00f3 interakci\u00f3ikat. Minden el\u0151ad\u00f3nk kiemelte, hogy legink\u00e1bb azon dolgoztak, hogy k\u00fcl\u00f6nb\u00f6z\u0151 el\u00e9rhet\u0151 f\u00f3rumokon, megold\u00e1sokon kereszt\u00fcl er\u0151teljesebb online jelenl\u00e9tet \u00e9p\u00edtsenek ki mind az olvas\u00f3k, mind a koll\u00e9g\u00e1k fel\u00e9. A M\u00e9liusz Juh\u00e1sz P\u00e9ter igazgat\u00f3ja felvetett egy messzebbre vezet\u0151 k\u00e9rd\u00e9st: \u00e9rdemes lenne er\u0151s\u00edteni a tudatoss\u00e1got a hazai digit\u00e1lis tartalmak elhelyez\u00e9s\u00e9nek \u00e9s megoszt\u00e1s\u00e1nak tekintet\u00e9ben, hogy k\u00fclf\u00f6ldi szolg\u00e1ltat\u00f3k helyett hazai szerverek \u00e9s szolg\u00e1ltat\u00f3k biztos\u00edts\u00e1k a kultur\u00e1lis kincseink t\u00e1rol\u00e1s\u00e1t, hasznos\u00edt\u00e1s\u00e1t.<\/p>\n\n\n\n<p>A besz\u00e9lget\u0151partnerek voltak: Sz\u00f3ll\u00e1s P\u00e9ter (f\u0151oszt\u00e1lyvezet\u0151, EMMI), Dr. Fodor P\u00e9ter (f\u0151igazgat\u00f3, F\u0151v\u00e1rosi Szab\u00f3 Ervin K\u00f6nyvt\u00e1r) Szeber\u00e9nyi G\u00e1bor (f\u0151igazgat\u00f3, PTE Egyetemi K\u00f6nyvt\u00e1r \u00e9s Tud\u00e1sk\u00f6zpont), Dr. Horv\u00e1th S\u00e1ndor Domonkos (igazgat\u00f3, Dr. Kov\u00e1cs P\u00e1l K\u00f6nyvt\u00e1r \u00e9s K\u00f6z\u00f6ss\u00e9gi T\u00e9r), Ringert Csaba (igazgat\u00f3, Dob\u00f3 Istv\u00e1n V\u00e1rm\u00fazeum), Hollanda Andrea (k\u00f6nyvt\u00e1ros, Bod P\u00e9ter Megyei K\u00f6nyvt\u00e1r) \u00e9s Brada Hedvig (Monguz Kft.) moder\u00e1tor.<\/p>\n\n\n\n<p>A m\u00e1sodik napunkon Rom\u00e1ni\u00e1b\u00f3l \u00e9s Lengyelorsz\u00e1gb\u00f3l hoztunk partner int\u00e9zm\u00e9nyeket, hogy bemutass\u00e1k a digitaliz\u00e1l\u00e1si j\u00f3gyakorlataikat \u00e9s er\u0151t \u00e9s motiv\u00e1ci\u00f3t adjanak minden pand\u00e9mia miatt bez\u00e1rt int\u00e9zm\u00e9ny dolgoz\u00f3inak, hogy igenis a munk\u00e1juknak van \u00e9rtelme, \u00e9s h\u00e1la a k\u00f6nyvt\u00e1rosoknak \u00e9s muzeol\u00f3gusoknak, egyre t\u00f6bb inform\u00e1ci\u00f3hoz \u00e9s tud\u00e1shoz jutunk hozz\u00e1 elektronikus form\u00e1ban.<\/p>\n\n\n\n<p>Itt is szeretn\u00e9nk megk\u00f6sz\u00f6nni minden el\u0151ad\u00f3nknak \u00e9s a hallgat\u00f3s\u00e1gnak, hogy vel\u00fcnk tartottak az online t\u00e9rben \u00e9s hogy ezzel is el\u0151seg\u00edtett\u00e9k, hogy egyre t\u00f6bb emberhez eljussanak a mi, magyar fejleszt\u00e9s\u0171 megold\u00e1saink. B\u00fcszk\u00e9k vagyunk, hogy K\u00f6z\u00e9p-Kelet-Eur\u00f3pa k\u00f6zgy\u0171jtem\u00e9nyi ter\u00fcleten meghat\u00e1roz\u00f3 c\u00e9ge \u00e9ppen egy magyar c\u00e9g.<\/p>\n\n\n\n<p>K\u00f6sz\u00f6nj\u00fck a t\u00e1mogat\u00e1st \u00e9s rem\u00e9lj\u00fck, 2021-ben m\u00e9g t\u00f6bb int\u00e9zm\u00e9nynek tudunk seg\u00edteni.<\/p>\n\n\n\n<p>A szakmai nap sor\u00e1n elhangzottakb\u00f3l n\u00e9h\u00e1ny prezent\u00e1ci\u00f3 el\u00e9rhet\u0151 itt:<\/p>\n\n\n\n<p><a href=\"https:\/\/qulto.eu\/wp-content\/uploads\/2021\/02\/Tarj\u00e1ni-Gyula-2020.pdf\">Tarj\u00e1ni Gyula \u00e9v\u00e9rt\u00e9kel\u0151je <\/a><\/p>\n\n\n\n<p><a href=\"https:\/\/drive.google.com\/file\/d\/1j92xx3_eQd6Og_Lin0exihED3tuBzxxh\/view?usp=sharing\">dr. F\u00fcl\u00f6p Endre &#8211; Szemantikus tud\u00e1sh\u00e1l\u00f3 <\/a><\/p>\n\n\n\n<p><a href=\"https:\/\/qulto.eu\/wp-content\/uploads\/2021\/02\/Pancza-J\u00e1nos-Qulto-\u00d6kosziszt\u00e9ma.pdf\">Pancza J\u00e1nos &#8211; Qulto \u00d6kosziszt\u00e9ma <\/a><\/p>\n\n\n\n<p><a href=\"https:\/\/qulto.eu\/wp-content\/uploads\/2021\/02\/Erd\u0151s-Zolt\u00e1n-Qulto-eCard.pdf\">Erd\u0151s Zolt\u00e1n &#8211; eCard<\/a><\/p>\n\n\n\n<p><a href=\"https:\/\/qulto.eu\/wp-content\/uploads\/2021\/02\/De\u00e1k-G\u00e1bor-Kultur\u00e1lis-\u00f6r\u00f6ks\u00e9g-az-okostelefonomban_.pdf\">De\u00e1k G\u00e1bor &#8211; Kultur\u00e1lis \u00f6r\u00f6ks\u00e9g a telefonomban? <\/a><\/p>\n\n\n\n<p><\/p>\n\n\n\n<p>A Qulto Napok felv\u00e9teleit pedig a Facebook oldalunkon tal\u00e1lj\u00e1k itt:<\/p>\n\n\n\n<p><a href=\"https:\/\/www.facebook.com\/1444602202490827\/videos\/1078589535948662\">https:\/\/www.facebook.com\/1444602202490827\/videos\/1078589535948662<\/a><\/p>\n\n\n\n<p><a href=\"https:\/\/www.facebook.com\/1444602202490827\/videos\/2741476452769629\">https:\/\/www.facebook.com\/1444602202490827\/videos\/2741476452769629<\/a><\/p>\n\n\n\n<p><br><\/p>\n","protected":false},"excerpt":{"rendered":"<p>Els\u0151, online k\u00e9t napos Qulto Napok rendezv\u00e9ny\u00fcnket 2021. febru\u00e1r 3-4-\u00e9n tartottuk, rekordsz\u00e1m\u00fa, [&hellip;]<\/p>\n","protected":false},"author":3,"featured_media":5679,"comment_status":"closed","ping_status":"closed","sticky":false,"template":"","format":"standard","meta":[],"categories":[14,13,12,11],"tags":[],"field_type":[],"news_category":[20],"acf":[],"_links":{"self":[{"href":"https:\/\/qulto.eu\/hu\/wp-json\/wp\/v2\/posts\/5907"}],"collection":[{"href":"https:\/\/qulto.eu\/hu\/wp-json\/wp\/v2\/posts"}],"about":[{"href":"https:\/\/qulto.eu\/hu\/wp-json\/wp\/v2\/types\/post"}],"author":[{"embeddable":true,"href":"https:\/\/qulto.eu\/hu\/wp-json\/wp\/v2\/users\/3"}],"replies":[{"embeddable":true,"href":"https:\/\/qulto.eu\/hu\/wp-json\/wp\/v2\/comments?post=5907"}],"version-history":[{"count":26,"href":"https:\/\/qulto.eu\/hu\/wp-json\/wp\/v2\/posts\/5907\/revisions"}],"predecessor-version":[{"id":7364,"href":"https:\/\/qulto.eu\/hu\/wp-json\/wp\/v2\/posts\/5907\/revisions\/7364"}],"wp:featuredmedia":[{"embeddable":true,"href":"https:\/\/qulto.eu\/hu\/wp-json\/wp\/v2\/media\/5679"}],"wp:attachment":[{"href":"https:\/\/qulto.eu\/hu\/wp-json\/wp\/v2\/media?parent=5907"}],"wp:term":[{"taxonomy":"category","embeddable":true,"href":"https:\/\/qulto.eu\/hu\/wp-json\/wp\/v2\/categories?post=5907"},{"taxonomy":"post_tag","embeddable":true,"href":"https:\/\/qulto.eu\/hu\/wp-json\/wp\/v2\/tags?post=5907"},{"taxonomy":"field_type","embeddable":true,"href":"https:\/\/qulto.eu\/hu\/wp-json\/wp\/v2\/field_type?post=5907"},{"taxonomy":"news_category","embeddable":true,"href":"https:\/\/qulto.eu\/hu\/wp-json\/wp\/v2\/news_category?post=5907"}],"curies":[{"name":"wp","href":"https:\/\/api.w.org\/{rel}","templated":true}]}}