{"id":6226,"date":"2021-04-22T10:55:25","date_gmt":"2021-04-22T10:55:25","guid":{"rendered":"https:\/\/qulto.eu\/?p=6226"},"modified":"2024-10-10T15:13:10","modified_gmt":"2024-10-10T15:13:10","slug":"meghivo-mi-kerekasztal-beszelgetesre","status":"publish","type":"post","link":"https:\/\/qulto.eu\/hu\/meghivo-mi-kerekasztal-beszelgetesre\/","title":{"rendered":"Kerekasztal a mesters\u00e9ges intelligencia kultur\u00e1lis haszn\u00e1r\u00f3l 2021.04.27."},"content":{"rendered":"<p><strong>Engedj\u00fck el a fant\u00e1zi\u00e1nkat \u00e9s besz\u00e9lgess\u00fcnk az MI-r\u0151l!<\/strong><\/p>\n<p>A pand\u00e9mia r\u00e1vil\u00e1g\u00edtott arra, hogy a k\u00f6zgy\u0171jtem\u00e9nyek \u00e9let\u00e9ben mennyire fontos a digit\u00e1lis jelenl\u00e9t. Azonban itt az id\u0151 t\u00f6bbet gondolkodni \u00e9s besz\u00e9lgetni a digit\u00e1lis eszk\u00f6z\u00f6kr\u0151l, nemcsak mint t\u00fal\u00e9l\u00e9si forma, hanem mint eszk\u00f6z egy fenntarthat\u00f3, \u00e9letk\u00e9pes \u00e9s j\u00f6v\u0151bemutat\u00f3\u00a0modell kialak\u00edt\u00e1s\u00e1hoz.<\/p>\n<p dir=\"ltr\"><em><strong>Mesters\u00e9ges intelligencia a kultur\u00e1lis szektorban &#8211; Sz\u00fcks\u00e9ges vagy \u00e1rtalmas?<\/strong><\/em><br \/>\nc\u00edmmel\u00a0szervez\u00fcnk egy kerekasztal-besz\u00e9lget\u00e9st, aminek a c\u00e9lja, hogy meghallgassuk partnereink v\u00e9lem\u00e9ny\u00e9t a mesters\u00e9ges intelligenci\u00e1ban rejl\u0151 lehet\u0151s\u00e9gekr\u0151l vagy az ellene sz\u00f3l\u00f3 \u00e9rvekr\u0151l. Besz\u00e9lget\u0151 partnereink szak\u00e9rt\u0151k \u00e9s Magyarorsz\u00e1g neves k\u00f6zgy\u0171jtem\u00e9nyi int\u00e9zm\u00e9nyeinek vezet\u0151i, akik nemcsak int\u00e9zm\u00e9nyeket igazgatnak, de projektjeikkel megalapozz\u00e1k a kultur\u00e1lis \u00f6r\u00f6ks\u00e9g t\u00e1rsadalomra gyakorolt hat\u00e1sait.<\/p>\n<p>A Qulto Szakmai Nap felm\u00e9r\u00e9se alapj\u00e1n az egyik n\u00e9pszer\u0171 t\u00e9ma a\u00a0<strong>#<\/strong><strong>szemantikustud\u00e1sh\u00e1l\u00f3<\/strong>, azonban mi most kezd\u00e9sk\u00e9nt szeretn\u00e9k kicsit t\u00e1gabbra kitekinteni, ugyanis ez a t\u00e9ma t\u00falmutat a szemantika \u00e9s adatmin\u0151s\u00e9g k\u00f6r\u00e9n \u00e9s szorosan k\u00f6t\u0151dik a\u00a0<strong>#bigdata<\/strong><em><strong>\u00a0<\/strong><\/em>\u00e9s\u00a0<strong>#mesters\u00e9gesintelligencia<\/strong>\u00a0k\u00e9rd\u00e9sk\u00f6r\u00e9hez.<\/p>\n<p dir=\"ltr\">Egyre t\u00f6bb nemzetk\u00f6zi p\u00e9ld\u00e1val, j\u00f3gyakorlattal tal\u00e1lkozhatunk, egyes kutat\u00f3k szerint az\u00a0<em>MI<\/em>\u00a0piaci r\u00e9szesed\u00e9se v\u00e1rhat\u00f3an nagyot ugrik a k\u00f6vetkez\u0151 \u00e9vekben.<br \/>\nDe mi a helyzet itthon?<\/p>\n<p dir=\"ltr\">Arr\u00f3l fogunk besz\u00e9lgetni, hogy<strong>\u00a0milyen probl\u00e9m\u00e1kra adhat megold\u00e1st a\u00a0<em>MI<\/em>\u00a0<\/strong>(hatalmas adathalmazok feldolgoz\u00e1sa, id\u0151hi\u00e1ny, l\u00e1togat\u00f3i ig\u00e9nyek),<strong>\u00a0milyen alapfelt\u00e9teleknek kell megfelelni\u00a0<\/strong>(tiszta adat, holisztikus tud\u00e1s),\u00a0<strong>milyen felhaszn\u00e1l\u00e1si lehet\u0151s\u00e9geket rejt a kultur\u00e1lis turizmus ter\u00fclet\u00e9n<\/strong>\u00a0m\u0171k\u00f6d\u0151 int\u00e9zm\u00e9nyeknek, \u00e9s ha m\u00e9g nem l\u00e9pt\u00fcnk az\u00a0<em>MI<\/em>\u00a0el\u0151szob\u00e1j\u00e1ba, mivel lehetne seg\u00edteni a k\u00fcls\u0151 \u00e9s bels\u0151 folyamatokat.<\/p>\n<p dir=\"ltr\"><strong id=\"m_326038155865239743docs-internal-guid-4e33b752-7fff-6bf0-4300-5a84e10a03d0\">Az online esem\u00e9ny platformja a Zoom,\u00a0<\/strong><strong id=\"m_326038155865239743docs-internal-guid-4e33b752-7fff-6bf0-4300-5a84e10a03d0\">ideje 2021. \u00e1prilis 27. 10 \u00f3ra.<\/strong><\/p>\n<p dir=\"ltr\">Vend\u00e9geink:<\/p>\n<ul dir=\"ltr\">\n<li>Boa L\u00e1szl\u00f3 &#8211; Mesters\u00e9ges Intelligencia Koal\u00edci\u00f3, szakmai vezet\u0151<\/li>\n<li>Dr. K\u00e1sa Ferenc &#8211; DJP Mesters\u00e9ges Intelligencia Div\u00edzi\u00f3, div\u00edzi\u00f3vezet\u0151<\/li>\n<li>B\u00e1nki Zsolt &#8211; PIM Digit\u00e1lis B\u00f6lcs\u00e9szeti K\u00f6zpont, igazgat\u00f3<\/li>\n<li>Dr. Kov\u00e1cs B\u00e9la L\u00f3r\u00e1nt &#8211; M\u00e9liusz Juh\u00e1sz P\u00e9ter K\u00f6nyvt\u00e1r, igazgat\u00f3<\/li>\n<\/ul>\n<p><strong>Tartsanak vel\u00fcnk!<\/strong><\/p>\n<div><\/div>\n<div><\/div>\n<div><\/div>\n<div style=\"text-align: center;\"><strong><a class=\"m_326038155865239743mcnButton\" title=\"Regisztr\u00e1lok az esem\u00e9nyre\" href=\"https:\/\/docs.google.com\/forms\/d\/e\/1FAIpQLSfFan6kY0tguPaqqFJalIl8ao4IyoV9R92QELaoKFtQsvOzAw\/viewform\" target=\"_blank\" rel=\"noopener noreferrer\" data-saferedirecturl=\"https:\/\/www.google.com\/url?q=https:\/\/qulto.us17.list-manage.com\/track\/click?u%3D3374a23a44c8bebc79e0fa1fd%26id%3D1b411fbb49%26e%3D468e475af0&amp;source=gmail&amp;ust=1619175000379000&amp;usg=AFQjCNG-jFpzxqCYkrue0cZXqLDdrCgbpw\">Regisztr\u00e1lok az esem\u00e9nyre<\/a><\/strong><\/div>\n","protected":false},"excerpt":{"rendered":"<p>Engedj\u00fck el a fant\u00e1zi\u00e1nkat \u00e9s besz\u00e9lgess\u00fcnk az MI-r\u0151l! A pand\u00e9mia r\u00e1vil\u00e1g\u00edtott arra, [&hellip;]<\/p>\n","protected":false},"author":15,"featured_media":6228,"comment_status":"closed","ping_status":"closed","sticky":false,"template":"","format":"standard","meta":[],"categories":[14,13,12,11],"tags":[],"field_type":[],"news_category":[20],"acf":[],"_links":{"self":[{"href":"https:\/\/qulto.eu\/hu\/wp-json\/wp\/v2\/posts\/6226"}],"collection":[{"href":"https:\/\/qulto.eu\/hu\/wp-json\/wp\/v2\/posts"}],"about":[{"href":"https:\/\/qulto.eu\/hu\/wp-json\/wp\/v2\/types\/post"}],"author":[{"embeddable":true,"href":"https:\/\/qulto.eu\/hu\/wp-json\/wp\/v2\/users\/15"}],"replies":[{"embeddable":true,"href":"https:\/\/qulto.eu\/hu\/wp-json\/wp\/v2\/comments?post=6226"}],"version-history":[{"count":15,"href":"https:\/\/qulto.eu\/hu\/wp-json\/wp\/v2\/posts\/6226\/revisions"}],"predecessor-version":[{"id":6246,"href":"https:\/\/qulto.eu\/hu\/wp-json\/wp\/v2\/posts\/6226\/revisions\/6246"}],"wp:featuredmedia":[{"embeddable":true,"href":"https:\/\/qulto.eu\/hu\/wp-json\/wp\/v2\/media\/6228"}],"wp:attachment":[{"href":"https:\/\/qulto.eu\/hu\/wp-json\/wp\/v2\/media?parent=6226"}],"wp:term":[{"taxonomy":"category","embeddable":true,"href":"https:\/\/qulto.eu\/hu\/wp-json\/wp\/v2\/categories?post=6226"},{"taxonomy":"post_tag","embeddable":true,"href":"https:\/\/qulto.eu\/hu\/wp-json\/wp\/v2\/tags?post=6226"},{"taxonomy":"field_type","embeddable":true,"href":"https:\/\/qulto.eu\/hu\/wp-json\/wp\/v2\/field_type?post=6226"},{"taxonomy":"news_category","embeddable":true,"href":"https:\/\/qulto.eu\/hu\/wp-json\/wp\/v2\/news_category?post=6226"}],"curies":[{"name":"wp","href":"https:\/\/api.w.org\/{rel}","templated":true}]}}