{"id":8094,"date":"2021-12-22T07:32:51","date_gmt":"2021-12-22T07:32:51","guid":{"rendered":"https:\/\/qulto.eu\/?p=8094"},"modified":"2021-12-22T08:35:09","modified_gmt":"2021-12-22T08:35:09","slug":"qulto-es-dh-lab-osszekapcsolt-kutatasi-infrastrukturak-elismeres","status":"publish","type":"post","link":"https:\/\/qulto.eu\/hu\/qulto-es-dh-lab-osszekapcsolt-kutatasi-infrastrukturak-elismeres\/","title":{"rendered":"QULTO \u00e9s DH-LAB \u00f6sszekapcsolt kutat\u00e1si infrastrukt\u00far\u00e1k elismer\u00e9s"},"content":{"rendered":"<p>A Nemzeti Kutat\u00e1si, Fejleszt\u00e9si \u00e9s Innov\u00e1ci\u00f3s Hivatal \u00cdg\u00e9retes Kutat\u00e1si Infrastrukt\u00fara (Emerging RI) elismer\u0151 c\u00edm\u00e9ben r\u00e9szes\u00fclt a Qulto Kutat\u00e1si Infrastrukt\u00fara a Digit\u00e1lis \u00d6r\u00f6ks\u00e9g Nemzeti Laborral k\u00f6z\u00f6sen.<\/p>\n<p style=\"text-align: center;\"><\/p>\n<p>December 16-\u00e1n Dr. Palkovics L\u00e1szl\u00f3 miniszter, Dr. Szab\u00f3 Istv\u00e1n, az NKFI Hivatal tudom\u00e1nyos \u00e9s nemzetk\u00f6zi eln\u00f6khelyettese, valamint Dr. F\u00fcl\u00f6p Zsolt, a Nemzeti Kutat\u00e1si Infrastrukt\u00fara Bizotts\u00e1g eln\u00f6ke adta \u00e1t az elismer\u0151 okleveleket Magyarorsz\u00e1g kiemelked\u0151 tudom\u00e1nyos teljes\u00edtm\u00e9nyt ny\u00fajt\u00f3 kutat\u00e1si infrastrukt\u00far\u00e1inak P\u00e9csett.<\/p>\n<p style=\"text-align: center;\"><iframe loading=\"lazy\" title=\"\u00c9lvonalban a P\u00e9csi Tudom\u00e1nyegyetem a hazai kutat\u00e1si infrastrukt\u00far\u00e1ban\" width=\"500\" height=\"281\" src=\"https:\/\/www.youtube.com\/embed\/llRv9eQZtuY?feature=oembed\" frameborder=\"0\" allow=\"accelerometer; autoplay; clipboard-write; encrypted-media; gyroscope; picture-in-picture\" allowfullscreen><\/iframe><\/p>\n<p>A kutat\u00e1si-, fejleszt\u00e9si- \u00e9s innov\u00e1ci\u00f3s (KFI) \u00f6kosziszt\u00e9m\u00e1n bel\u00fcl a kutat\u00e1si infrastrukt\u00far\u00e1k az alapkutat\u00e1sokban \u00e9s a felfedez\u0151 jelleg\u0171 kutat\u00e1sokban egyar\u00e1nt nagy jelent\u0151s\u00e9ggel b\u00edrnak, ez\u00e1ltal tudom\u00e1nyos eredm\u00e9nyeikkel hozz\u00e1j\u00e1rulnak Magyarorsz\u00e1g gazdas\u00e1gi teljes\u00edtm\u00e9ny\u00e9nek fokoz\u00e1s\u00e1hoz.<\/p>\n<p>A Nemzeti Kutat\u00e1si, Fejleszt\u00e9si \u00e9s Innov\u00e1ci\u00f3s Hivatal (NKFI Hivatal) kezdem\u00e9nyez\u00e9s\u00e9nek c\u00e9lja, hogy felt\u00e9rk\u00e9pezze az \u00f6tven legkiv\u00e1l\u00f3bb hazai infrastrukt\u00fara-h\u00e1l\u00f3zatot \u00e9s felhaszn\u00e1l\u00f3bar\u00e1t m\u00f3don tegye megismerhet\u0151v\u00e9 az \u00e1ltaluk k\u00edn\u00e1lt lehet\u0151s\u00e9geket. A Nemzeti Kutat\u00e1si Infrastrukt\u00fara Bizotts\u00e1g bevon\u00e1s\u00e1val t\u00f6rt\u00e9n\u0151 kiv\u00e1laszt\u00e1s eredm\u00e9nyek\u00e9ppen a nyertes szervezetek amellett, hogy hivatalos tan\u00fas\u00edtv\u00e1nyt kapnak, beker\u00fclnek a Hivatal honlapj\u00e1n el\u00e9rhet\u0151, t\u00f6bbf\u00e9le param\u00e9ter alapj\u00e1n kereshet\u0151 adatb\u00e1zisba is.<\/p>\n<p>A Qulto Kutat\u00e1si Infrastrukt\u00fara c\u00e9g\u00fcnk term\u00e9k \u00e9s szolg\u00e1ltat\u00e1si palett\u00e1j\u00e1nak tud\u00e1smenedzsment n\u00e9zete, \u00edgy t\u00falz\u00e1s n\u00e9lk\u00fcl mondhatjuk, hogy akad\u00e9miai \u00e9s kutat\u00f3 partnereink, illetve minden koll\u00e9g\u00e1nk egy\u00fcttes sikere ez az elismer\u00e9s. K\u00f6sz\u00f6nj\u00fck!<\/p>\n<p>(Forr\u00e1s: nkfih.gov.hu, btk.elte.hu)<\/p>\n","protected":false},"excerpt":{"rendered":"<p>A Nemzeti Kutat\u00e1si, Fejleszt\u00e9si \u00e9s Innov\u00e1ci\u00f3s Hivatal \u00cdg\u00e9retes Kutat\u00e1si Infrastrukt\u00fara (Emerging RI) [&hellip;]<\/p>\n","protected":false},"author":15,"featured_media":8095,"comment_status":"closed","ping_status":"closed","sticky":false,"template":"","format":"standard","meta":[],"categories":[13],"tags":[],"field_type":[],"news_category":[20],"acf":[],"_links":{"self":[{"href":"https:\/\/qulto.eu\/hu\/wp-json\/wp\/v2\/posts\/8094"}],"collection":[{"href":"https:\/\/qulto.eu\/hu\/wp-json\/wp\/v2\/posts"}],"about":[{"href":"https:\/\/qulto.eu\/hu\/wp-json\/wp\/v2\/types\/post"}],"author":[{"embeddable":true,"href":"https:\/\/qulto.eu\/hu\/wp-json\/wp\/v2\/users\/15"}],"replies":[{"embeddable":true,"href":"https:\/\/qulto.eu\/hu\/wp-json\/wp\/v2\/comments?post=8094"}],"version-history":[{"count":12,"href":"https:\/\/qulto.eu\/hu\/wp-json\/wp\/v2\/posts\/8094\/revisions"}],"predecessor-version":[{"id":8146,"href":"https:\/\/qulto.eu\/hu\/wp-json\/wp\/v2\/posts\/8094\/revisions\/8146"}],"wp:featuredmedia":[{"embeddable":true,"href":"https:\/\/qulto.eu\/hu\/wp-json\/wp\/v2\/media\/8095"}],"wp:attachment":[{"href":"https:\/\/qulto.eu\/hu\/wp-json\/wp\/v2\/media?parent=8094"}],"wp:term":[{"taxonomy":"category","embeddable":true,"href":"https:\/\/qulto.eu\/hu\/wp-json\/wp\/v2\/categories?post=8094"},{"taxonomy":"post_tag","embeddable":true,"href":"https:\/\/qulto.eu\/hu\/wp-json\/wp\/v2\/tags?post=8094"},{"taxonomy":"field_type","embeddable":true,"href":"https:\/\/qulto.eu\/hu\/wp-json\/wp\/v2\/field_type?post=8094"},{"taxonomy":"news_category","embeddable":true,"href":"https:\/\/qulto.eu\/hu\/wp-json\/wp\/v2\/news_category?post=8094"}],"curies":[{"name":"wp","href":"https:\/\/api.w.org\/{rel}","templated":true}]}}