{"id":857,"date":"2019-11-21T00:00:00","date_gmt":"2019-11-21T00:00:00","guid":{"rendered":"https:\/\/qulto.eu\/qulto-a-museumdigit-konferencian-2\/"},"modified":"2024-10-10T15:18:17","modified_gmt":"2024-10-10T15:18:17","slug":"qulto-a-museumdigit-konferencian-2","status":"publish","type":"post","link":"https:\/\/qulto.eu\/hu\/qulto-a-museumdigit-konferencian-2\/","title":{"rendered":"Qulto a MuseumDigit konferenci\u00e1n"},"content":{"rendered":"\n<div class=\"wp-block-media-text alignwide is-stacked-on-mobile\"><figure class=\"wp-block-media-text__media\"><img decoding=\"async\" loading=\"lazy\" width=\"1024\" height=\"684\" src=\"https:\/\/qulto.eu\/wp-content\/uploads\/2020\/02\/109842-1024x684.jpg\" alt=\"\" class=\"wp-image-1038\"\/><\/figure><div class=\"wp-block-media-text__content\">\n<p> Id\u00e9n hetedik alkalommal, november 26-27-\u00e9n ker\u00fcl megrendez\u00e9sre a Magyar Nemzeti M\u00fazeumban a MuseumDigit konferencia, a r\u00e9gi\u00f3 kiemelt szakmai rendezv\u00e9nye a j\u00f6v\u0151 m\u00fazeum\u00e1r\u00f3l, a digit\u00e1lis kor kih\u00edv\u00e1sair\u00f3l \u00e9s lehet\u0151s\u00e9geir\u0151l. A konferencia kiemelt t\u00e1mogat\u00f3jak\u00e9nt a Qulto-Monguz Kft. id\u00e9n is csatlakozik az esem\u00e9nyhez. <\/p>\n<\/div><\/div>\n\n\n<p>Az Magyar Nemzeti M\u00fazeum OMMIK (Orsz\u00e1gos Muzeol\u00f3giai M\u00f3dszertani \u00e9s Inform\u00e1ci\u00f3s K\u00f6zpont) \u00e1ltal rendezett k\u00e9tnapos rendezv\u00e9ny f\u00f3kusz\u00e1ban a digitaliz\u00e1ci\u00f3 \u00e9s a digit\u00e1lis trendek \u00e1llnak. Sz\u00f3 lesz a mesters\u00e9ges intelligencia \u00e9s Big Data ny\u00fajtotta lehet\u0151s\u00e9gekr\u0151l a m\u00fazeumban, emellett id\u00e9n k\u00fcl\u00f6n szekci\u00f3t kap az inkluz\u00edv m\u00fazeum, az es\u00e9lyegyenl\u0151s\u00e9g \u00e9s digit\u00e1lis kompetencia. A t\u00e9m\u00e1kat \u00e9lvonalbeli nemzetk\u00f6zi projektek \u00e9s sikeres strat\u00e9gi\u00e1k ment\u00e9n mutatj\u00e1k be a k\u00fclf\u00f6ldi \u00e9s hazai el\u0151ad\u00f3k.<\/p>\n<p>K\u00f6zt\u00fck lesz <strong>Jerzy Gawronski<\/strong>, az Amszterdami Egyetem r\u00e9g\u00e9szprofesszora, a <a href=\"https:\/\/belowthesurface.amsterdam\/en\">Below the Surface<\/a> projekt szakmai vezet\u0151je. A v\u00e1ros egyik metr\u00f3vonal\u00e1nak b\u0151v\u00edt\u00e9sekor t\u00f6bb mint 700 000 lelet ker\u00fcl felsz\u00ednre, ebb\u0151l a Rokin metr\u00f3\u00e1llom\u00e1son 9500-at ki is \u00e1ll\u00edtanak. A projekt honlapj\u00e1n nemcsak a szakmai munk\u00e1latok titkaiba \u00e9s a v\u00e1roslak\u00f3k t\u00e1rgyakba foglalt t\u00f6rt\u00e9net\u00e9be kapunk betekint\u00e9st, hanem saj\u00e1t ki\u00e1ll\u00edt\u00e1sunkat is \u00f6ssze\u00e1ll\u00edthatjuk.<\/p>\n<p><strong>Angie Judge<\/strong>, a l\u00e1togat\u00f3i viselked\u00e9st elemz\u0151 <a href=\"https:\/\/dexibit.com\/\">Dexibit<\/a> alap\u00edt\u00f3ja, aki a mesters\u00e9ges intelligencia \u00e9s a Big Data erej\u00e9vel seg\u00edt a m\u00fazeumoknak el\u00e9rni a k\u00f6z\u00f6ns\u00e9get \u00e9s sikeress\u00e9 tenni a ki\u00e1ll\u00edt\u00e1sokat.<\/p>\n<p><strong>K\u00f3m\u00e1r \u00c9va<\/strong>, az MNM OMMIK Digitaliz\u00e1l\u00e1si \u00e9s Tartalomfejleszt\u00e9si Csoportj\u00e1nak vezet\u0151je a K\u00f6zgy\u0171jtem\u00e9nyi Digitaliz\u00e1l\u00e1si Strat\u00e9gia (KDS) kapcs\u00e1n ad el\u0151, <strong>R\u00e9p\u00e1szky Lip\u00f3t<\/strong>, a NAVA \u00fcgyvezet\u0151 igazgat\u00f3ja pedig a tanul\u00f3 algoritmusok vil\u00e1g\u00e1ba vezet be.<\/p>\n<p>Program: <a href=\"http:\/\/museumdigit.hu\/\">www.museumdigit.hu<\/a><\/p>\n<p><a href=\"https:\/\/www.facebook.com\/events\/318527612166693\/\">MuseumDigit 2019 a Facebookon<\/a><\/p>","protected":false},"excerpt":{"rendered":"<p>Id\u00e9n hetedik alkalommal, november 26-27-\u00e9n ker\u00fcl megrendez\u00e9sre a Magyar Nemzeti M\u00fazeumban a [&hellip;]<\/p>\n","protected":false},"author":1,"featured_media":1038,"comment_status":"closed","ping_status":"closed","sticky":false,"template":"","format":"standard","meta":[],"categories":[14,13,12,11],"tags":[],"field_type":[],"news_category":[20],"acf":[],"_links":{"self":[{"href":"https:\/\/qulto.eu\/hu\/wp-json\/wp\/v2\/posts\/857"}],"collection":[{"href":"https:\/\/qulto.eu\/hu\/wp-json\/wp\/v2\/posts"}],"about":[{"href":"https:\/\/qulto.eu\/hu\/wp-json\/wp\/v2\/types\/post"}],"author":[{"embeddable":true,"href":"https:\/\/qulto.eu\/hu\/wp-json\/wp\/v2\/users\/1"}],"replies":[{"embeddable":true,"href":"https:\/\/qulto.eu\/hu\/wp-json\/wp\/v2\/comments?post=857"}],"version-history":[{"count":12,"href":"https:\/\/qulto.eu\/hu\/wp-json\/wp\/v2\/posts\/857\/revisions"}],"predecessor-version":[{"id":2888,"href":"https:\/\/qulto.eu\/hu\/wp-json\/wp\/v2\/posts\/857\/revisions\/2888"}],"wp:featuredmedia":[{"embeddable":true,"href":"https:\/\/qulto.eu\/hu\/wp-json\/wp\/v2\/media\/1038"}],"wp:attachment":[{"href":"https:\/\/qulto.eu\/hu\/wp-json\/wp\/v2\/media?parent=857"}],"wp:term":[{"taxonomy":"category","embeddable":true,"href":"https:\/\/qulto.eu\/hu\/wp-json\/wp\/v2\/categories?post=857"},{"taxonomy":"post_tag","embeddable":true,"href":"https:\/\/qulto.eu\/hu\/wp-json\/wp\/v2\/tags?post=857"},{"taxonomy":"field_type","embeddable":true,"href":"https:\/\/qulto.eu\/hu\/wp-json\/wp\/v2\/field_type?post=857"},{"taxonomy":"news_category","embeddable":true,"href":"https:\/\/qulto.eu\/hu\/wp-json\/wp\/v2\/news_category?post=857"}],"curies":[{"name":"wp","href":"https:\/\/api.w.org\/{rel}","templated":true}]}}