{"id":858,"date":"2019-01-26T00:00:00","date_gmt":"2019-01-26T00:00:00","guid":{"rendered":"https:\/\/qulto.eu\/szemantikai-halo-epitese-az-orszagos-szinhaztorteneti-muzeum-es-intezet-adatbazisaban-az-orszagos-szinhaztorteneti-muzeum-oszmi-rovid-tortenete-2\/"},"modified":"2021-07-06T06:58:39","modified_gmt":"2021-07-06T06:58:39","slug":"szemantikai-halo-epitese-az-orszagos-szinhaztorteneti-muzeum-es-intezet-adatbazisaban-az-orszagos-szinhaztorteneti-muzeum-oszmi-rovid-tortenete-2","status":"publish","type":"post","link":"https:\/\/qulto.eu\/hu\/szemantikai-halo-epitese-az-orszagos-szinhaztorteneti-muzeum-es-intezet-adatbazisaban-az-orszagos-szinhaztorteneti-muzeum-oszmi-rovid-tortenete-2\/","title":{"rendered":"Szemantikai h\u00e1l\u00f3 \u00e9p\u00edt\u00e9se az Orsz\u00e1gos Sz\u00ednh\u00e1zt\u00f6rt\u00e9neti M\u00fazeum \u00e9s Int\u00e9zet adatb\u00e1zis\u00e1ban &#8211; Az Orsz\u00e1gos Sz\u00ednh\u00e1zt\u00f6rt\u00e9neti M\u00fazeum (OSZMI) r\u00f6vid t\u00f6rt\u00e9nete"},"content":{"rendered":"\n<p>Simon Andr\u00e1s \u00e9s Szab\u00f3 Attila cikke a TMT 2019 7-8. sz\u00e1m\u00e1ban<\/p>\n\n\n\n<div class=\"wp-block-image\"><figure class=\"aligncenter size-full\"><img decoding=\"async\" loading=\"lazy\" width=\"600\" height=\"480\" src=\"https:\/\/qulto.eu\/wp-content\/uploads\/2020\/02\/100552.jpg\" alt=\"\" class=\"wp-image-1461\" srcset=\"https:\/\/qulto.eu\/wp-content\/uploads\/2020\/02\/100552.jpg 600w, https:\/\/qulto.eu\/wp-content\/uploads\/2020\/02\/100552-300x240.jpg 300w\" sizes=\"(max-width: 600px) 100vw, 600px\" \/><\/figure><\/div>\n\n\n\n<p>A 2018-as \u00e9v egyik legjelent\u0151sebb m\u00fazeumi informatikai fejleszt\u00e9sek\u00e9nt k\u00e9sz\u00fclt el az Orsz\u00e1gos Sz\u00ednh\u00e1zt\u00f6rt\u00e9neti M\u00fazeum \u00e9s Int\u00e9zet port\u00e1lja a \u201eMagyar Sz\u00ednh\u00e1zi eml\u00e9kezet meg\u0151rz\u00e9se\u201d elnevez\u00e9s\u0171 projekt keret\u00e9ben. A munka f\u0151 c\u00e9lja a m\u00fazeum adatb\u00e1zis\u00e1ban tal\u00e1lhat\u00f3 \u00e9s sz\u00e9les \u00e9rdekl\u0151d\u00e9sre sz\u00e1mot tart\u00f3 sz\u00ednh\u00e1zt\u00f6rt\u00e9neti anyag bemutat\u00e1sa az interneten. A port\u00e1l k\u00e9sz\u00edt\u00e9se sor\u00e1n sokoldal\u00fa keres\u00e9si \u00e9s b\u00f6ng\u00e9sz\u00e9si lehet\u0151s\u00e9get k\u00edv\u00e1ntak biztos\u00edtani a kutat\u00f3k \u00e9s a laikusok sz\u00e1m\u00e1ra is. A projekt megval\u00f3s\u00edt\u00e1s\u00e1n\u00e1l kulcsszerep jutott az integr\u00e1lt m\u00fazeumi gy\u0171jtem\u00e9nykezel\u0151 rendszernek. Erre a c\u00e9lra a m\u00fazeummal szervezeti kapcsolatba ker\u00fcl\u0151 Pet\u0151fi Irodalmi M\u00fazeumban m\u00e1r t\u00f6bb mint t\u00edz \u00e9ve haszn\u00e1latba vett Hunt\u00e9ka rendszer lett kiv\u00e1lasztva. A Hunt\u00e9k\u00e1ba be kellett t\u00f6lteni, \u00e9s egy integr\u00e1lt adatb\u00e1ziss\u00e1 \u00f6ssze kellett \u00e9p\u00edteni az eddig elk\u00fcl\u00f6n\u00fclten fejlesztett m\u00fazeumi adatb\u00e1zisokat. A bet\u00f6lt\u00e9s, adattiszt\u00edt\u00e1s \u00e9s integr\u00e1ci\u00f3 sor\u00e1n az adatb\u00e1zisokban tal\u00e1lhat\u00f3 rekordokb\u00f3l szemantikus h\u00e1l\u00f3 j\u00f6tt l\u00e9tre. A cikk bemutatja a munka l\u00e9p\u00e9seit \u00e9s a l\u00e9trej\u00f6v\u0151 adatb\u00e1zis rendszerterv\u00e9nek v\u00e1ltoz\u00e1sait. A munka sor\u00e1n egy \u00fagynevezett \u201ehibrid rendszer\u201d j\u00f6tt l\u00e9tre, mely r\u00e9szben a m\u00fazeumi sz\u00e1m\u00edt\u00f3g\u00e9pes lelt\u00e1rk\u00f6nyv \u00e9s a k\u00f6nyvt\u00e1ri katal\u00f3gus tulajdons\u00e1gait \u00f6tv\u00f6zi. Az adatszerkezet fel van k\u00e9sz\u00edtve k\u00fcls\u0151 forr\u00e1sb\u00f3l t\u00f6rt\u00e9n\u0151 adatgazdag\u00edt\u00e1sra \u00e9s adatszolg\u00e1ltat\u00e1sra idegen adatb\u00e1zisok, vagy ak\u00e1r a Nemzeti N\u00e9vt\u00e9r fel\u00e9 is.<\/p>\n\n\n\n<p>T\u00e1rgyszavak: sz\u00ednh\u00e1zt\u00f6rt\u00e9net; szakm\u00fazeum; m\u00fazeumi gy\u0171jtem\u00e9ny; tartalomszolg\u00e1ltat\u00e1s; tud\u00e1sreprezent\u00e1ci\u00f3<\/p>\n\n\n\n<p>szerz\u0151k: Simon Andr\u00e1s (\u00fcgyf\u00e9lmenedzser, Qulto-Monguz Kft.) \u00e9s Szab\u00f3 Attila (igazgat\u00f3helyettes, PIM-OSZMI)<\/p>\n\n\n\n<p>A teljes tanulm\u00e1ny a <a href=\"https:\/\/tmt.omikk.bme.hu\/tmt\/article\/view\/12332\/14025\">TMT 66. \u00e9vfolyam\u00e1nak 2019 7-8. <\/a>sz\u00e1m\u00e1ban \u00e9rhet\u0151 el.<\/p>\n","protected":false},"excerpt":{"rendered":"<p>Simon Andr\u00e1s \u00e9s Szab\u00f3 Attila cikke a TMT 2019 7-8. sz\u00e1m\u00e1ban A [&hellip;]<\/p>\n","protected":false},"author":1,"featured_media":1461,"comment_status":"closed","ping_status":"open","sticky":false,"template":"","format":"standard","meta":[],"categories":[12],"tags":[],"field_type":[6],"news_category":[96,20],"acf":[],"_links":{"self":[{"href":"https:\/\/qulto.eu\/hu\/wp-json\/wp\/v2\/posts\/858"}],"collection":[{"href":"https:\/\/qulto.eu\/hu\/wp-json\/wp\/v2\/posts"}],"about":[{"href":"https:\/\/qulto.eu\/hu\/wp-json\/wp\/v2\/types\/post"}],"author":[{"embeddable":true,"href":"https:\/\/qulto.eu\/hu\/wp-json\/wp\/v2\/users\/1"}],"replies":[{"embeddable":true,"href":"https:\/\/qulto.eu\/hu\/wp-json\/wp\/v2\/comments?post=858"}],"version-history":[{"count":8,"href":"https:\/\/qulto.eu\/hu\/wp-json\/wp\/v2\/posts\/858\/revisions"}],"predecessor-version":[{"id":4988,"href":"https:\/\/qulto.eu\/hu\/wp-json\/wp\/v2\/posts\/858\/revisions\/4988"}],"wp:featuredmedia":[{"embeddable":true,"href":"https:\/\/qulto.eu\/hu\/wp-json\/wp\/v2\/media\/1461"}],"wp:attachment":[{"href":"https:\/\/qulto.eu\/hu\/wp-json\/wp\/v2\/media?parent=858"}],"wp:term":[{"taxonomy":"category","embeddable":true,"href":"https:\/\/qulto.eu\/hu\/wp-json\/wp\/v2\/categories?post=858"},{"taxonomy":"post_tag","embeddable":true,"href":"https:\/\/qulto.eu\/hu\/wp-json\/wp\/v2\/tags?post=858"},{"taxonomy":"field_type","embeddable":true,"href":"https:\/\/qulto.eu\/hu\/wp-json\/wp\/v2\/field_type?post=858"},{"taxonomy":"news_category","embeddable":true,"href":"https:\/\/qulto.eu\/hu\/wp-json\/wp\/v2\/news_category?post=858"}],"curies":[{"name":"wp","href":"https:\/\/api.w.org\/{rel}","templated":true}]}}