{"id":889,"date":"2017-06-16T00:00:00","date_gmt":"2017-06-16T00:00:00","guid":{"rendered":"https:\/\/qulto.eu\/a-legfrissebb-qulto-fejlesztes-kutathato-az-interneten-az-elso-vilaghaborus-magyar-alakulatok-tortenete\/"},"modified":"2021-07-06T06:58:42","modified_gmt":"2021-07-06T06:58:42","slug":"a-legfrissebb-qulto-fejlesztes-kutathato-az-interneten-az-elso-vilaghaborus-magyar-alakulatok-tortenete","status":"publish","type":"post","link":"https:\/\/qulto.eu\/hu\/a-legfrissebb-qulto-fejlesztes-kutathato-az-interneten-az-elso-vilaghaborus-magyar-alakulatok-tortenete\/","title":{"rendered":"A legfrissebb Qulto fejleszt\u00e9s: kutathat\u00f3 az interneten az els\u0151 vil\u00e1gh\u00e1bor\u00fas magyar alakulatok t\u00f6rt\u00e9nete"},"content":{"rendered":"<p>\u201eAz interneten is kutathat\u00f3 m\u00e1r az els\u0151 vil\u00e1gh\u00e1bor\u00faban a Magyar Kir\u00e1lys\u00e1g ter\u00fclet\u00e9n fel\u00e1ll\u00edtott katonai egys\u00e9gek \u00e9s tagjaik t\u00f6rt\u00e9nete &#8211; hangzott el a www.magyarezredek.hu honlap indul\u00e1sa alkalm\u00e1b\u00f3l tartott budapesti sajt\u00f3t\u00e1j\u00e9koztat\u00f3n.<\/p>\n<p>R\u00e9tv\u00e1ri Bence, az Emberi Er\u0151forr\u00e1sok Miniszt\u00e9rium\u00e1nak parlamenti \u00e1llamtitk\u00e1ra az esem\u00e9nyen azt emelte ki: az els\u0151 vil\u00e1gh\u00e1bor\u00fa volt a t\u00f6rt\u00e9nelem legnagyobb magyar katonai embervesztes\u00e9ggel j\u00e1r\u00f3 konfliktusa.<\/p>\n<p>A 662 ezer elesett megegyezik Debrecen, Miskolc, Szeged \u00e9s P\u00e9cs teljes lakoss\u00e1g\u00e1val, \u00e1m nagyon kev\u00e9s t\u00f6rt\u00e9nt eml\u00e9k\u00fck meg\u0151rz\u00e9se \u00e9rdek\u00e9ben az elm\u00falt sz\u00e1z \u00e9vben, k\u00fcl\u00f6n\u00f6sen az e korszakot fel nem v\u00e1llal\u00f3 kommunista hatalom idej\u00e9n &#8211; mondta.<\/p>\n<p>Az \u00e1llamtitk\u00e1r hangs\u00falyozta: a korm\u00e1nyzat a vil\u00e1gh\u00e1bor\u00fa kit\u00f6r\u00e9s\u00e9nek centen\u00e1riuma alkalm\u00e1b\u00f3l tartott eml\u00e9k\u00e9vben fontosnak tartja, hogy m\u00e9lt\u00f3 \u00e1llapotba ker\u00fclj\u00f6n minden fel\u00faj\u00edt\u00e1sra szorul\u00f3 eml\u00e9km\u0171, \u00e1lljon az b\u00e1rhol a K\u00e1rp\u00e1t-medenc\u00e9ben; ezek k\u00f6z\u00fcl 345 fel\u00faj\u00edt\u00e1sa m\u00e1r meg is t\u00f6rt\u00e9nt.<\/p>\n<p>Kit\u00e9rt arra is: a jubileummal kapcsolatban t\u00f6bb mint k\u00e9tsz\u00e1z megeml\u00e9kez\u00e9st tartottak, a V\u00e1rkert Baz\u00e1rban pedig t\u00f6bb szakaszban megny\u00edl\u00f3 ki\u00e1ll\u00edt\u00e1s mutatja be, milyen gazdas\u00e1gi, t\u00e1rsadalmi \u00e9s vil\u00e1gpolitikai v\u00e1ltoz\u00e1sokat hozott az 1914-t\u0151l 1918-ig tart\u00f3 konfliktus.<\/p>\n<p>Azt is felid\u00e9zte: az elesettek mellett 700 ezer sebes\u00fclt \u00e9s ugyanennyi hadifogs\u00e1gba esett vagy elt\u0171nt volt a Magyar Kir\u00e1lys\u00e1g vesztes\u00e9ge.<\/p>\n<p>Vargha Tam\u00e1s, a Honv\u00e9delmi Miniszt\u00e9rium parlamenti \u00e1llamtitk\u00e1ra arr\u00f3l besz\u00e9lt: 2018 v\u00e9g\u00e9re, a h\u00e1bor\u00fa v\u00e9g\u00e9nek sz\u00e1zadik \u00e9vfordul\u00f3j\u00e1ra k\u00e9sz\u00fcl el a magyar katonai \u00e1ldozatv\u00e1llal\u00e1s arch\u00edvuma; ebben szerepel majd mindenki, aki elesett, elt\u0171nt, fogs\u00e1gba ker\u00fclt vagy megsebes\u00fclt az els\u0151 vil\u00e1gh\u00e1bor\u00faban.<\/p>\n<p>K\u00f6zl\u00e9se szerint eddig m\u00e1r t\u00f6bb mint egymilli\u00f3 adatsort r\u00f6gz\u00edtettek a rendszerben; a had\u00fcgyminiszt\u00e9rium szinte napi rendszeress\u00e9ggel kiadott vesztes\u00e9glist\u00e1it 90, a honv\u00e9delmi lev\u00e9lt\u00e1r anyag\u00e1t 70, a b\u00e9csi temet\u0151katasztert 60 sz\u00e1zal\u00e9kban feldolgozt\u00e1k, a b\u00e9csi \u00e9s a pozsonyi hadilev\u00e9lt\u00e1r imm\u00e1r digitaliz\u00e1lt anyag\u00e1ban nemsok\u00e1ra kezd\u0151dik a kutat\u00f3munka.<\/p>\n<p>Az esem\u00e9nyen elhangzott: a 140-n\u00e9l t\u00f6bb alakulat 50 ezer oldaln\u00e1l is b\u0151vebb anyag\u00e1t feldolgozva k\u00e9sz\u00fclt a most elind\u00edtott honlap, amelyen szem\u00e9lyn\u00e9v, helysz\u00edn, esem\u00e9ny alapj\u00e1n is kereshetnek a tudom\u00e1nyos ig\u00e9nnyel vagy szem\u00e9lyes \u00e9rdekl\u0151d\u00e9s ok\u00e1n az oldalra l\u00e1togat\u00f3k.\u201d<\/p>\n<p>(MTI)<\/p>\n<p>link: <a href=\"http:\/\/magyarezredek.hu\">magyarezredek.hu<\/a><\/p>\n","protected":false},"excerpt":{"rendered":"<p>\u201eAz interneten is kutathat\u00f3 m\u00e1r az els\u0151 vil\u00e1gh\u00e1bor\u00faban a Magyar Kir\u00e1lys\u00e1g ter\u00fclet\u00e9n [&hellip;]<\/p>\n","protected":false},"author":1,"featured_media":1419,"comment_status":"closed","ping_status":"open","sticky":false,"template":"","format":"standard","meta":[],"categories":[14],"tags":[],"field_type":[6],"news_category":[20],"acf":[],"_links":{"self":[{"href":"https:\/\/qulto.eu\/hu\/wp-json\/wp\/v2\/posts\/889"}],"collection":[{"href":"https:\/\/qulto.eu\/hu\/wp-json\/wp\/v2\/posts"}],"about":[{"href":"https:\/\/qulto.eu\/hu\/wp-json\/wp\/v2\/types\/post"}],"author":[{"embeddable":true,"href":"https:\/\/qulto.eu\/hu\/wp-json\/wp\/v2\/users\/1"}],"replies":[{"embeddable":true,"href":"https:\/\/qulto.eu\/hu\/wp-json\/wp\/v2\/comments?post=889"}],"version-history":[{"count":2,"href":"https:\/\/qulto.eu\/hu\/wp-json\/wp\/v2\/posts\/889\/revisions"}],"predecessor-version":[{"id":2840,"href":"https:\/\/qulto.eu\/hu\/wp-json\/wp\/v2\/posts\/889\/revisions\/2840"}],"wp:featuredmedia":[{"embeddable":true,"href":"https:\/\/qulto.eu\/hu\/wp-json\/wp\/v2\/media\/1419"}],"wp:attachment":[{"href":"https:\/\/qulto.eu\/hu\/wp-json\/wp\/v2\/media?parent=889"}],"wp:term":[{"taxonomy":"category","embeddable":true,"href":"https:\/\/qulto.eu\/hu\/wp-json\/wp\/v2\/categories?post=889"},{"taxonomy":"post_tag","embeddable":true,"href":"https:\/\/qulto.eu\/hu\/wp-json\/wp\/v2\/tags?post=889"},{"taxonomy":"field_type","embeddable":true,"href":"https:\/\/qulto.eu\/hu\/wp-json\/wp\/v2\/field_type?post=889"},{"taxonomy":"news_category","embeddable":true,"href":"https:\/\/qulto.eu\/hu\/wp-json\/wp\/v2\/news_category?post=889"}],"curies":[{"name":"wp","href":"https:\/\/api.w.org\/{rel}","templated":true}]}}