{"id":895,"date":"2017-03-28T00:00:00","date_gmt":"2017-03-28T00:00:00","guid":{"rendered":"https:\/\/qulto.eu\/informacios-napok-az-efop-3-7-3-16-szamu-palyazati-felhivas-kapcsan\/"},"modified":"2021-07-06T06:58:43","modified_gmt":"2021-07-06T06:58:43","slug":"informacios-napok-az-efop-3-7-3-16-szamu-palyazati-felhivas-kapcsan","status":"publish","type":"post","link":"https:\/\/qulto.eu\/hu\/informacios-napok-az-efop-3-7-3-16-szamu-palyazati-felhivas-kapcsan\/","title":{"rendered":"Inform\u00e1ci\u00f3s napok az EFOP-3.7.3-16 sz\u00e1m\u00fa p\u00e1ly\u00e1zati felh\u00edv\u00e1s kapcs\u00e1n"},"content":{"rendered":"<p>Az Emberi Er\u0151forr\u00e1sok Miniszt\u00e9riuma Eur\u00f3pai Uni\u00f3s Fejleszt\u00e9spolitik\u00e1\u00e9rt Felel\u0151s \u00c1llamtitk\u00e1rs\u00e1ga inform\u00e1ci\u00f3s napokat szervez az EFOP-3.7.3-16 &#8211; Az eg\u00e9sz \u00e9leten \u00e1t tart\u00f3 tanul\u00e1shoz hozz\u00e1f\u00e9r\u00e9s biztos\u00edt\u00e1sa c\u00edm\u0171 felh\u00edv\u00e1shoz kapcsol\u00f3d\u00f3an.<\/p>\n<p>Ennek keret\u00e9ben bemutat\u00e1sra ker\u00fcl a felh\u00edv\u00e1s:<\/p>\n<p>&#8211; c\u00e9lja, szakmai tartalma \u00e9s elv\u00e1r\u00e1sai<br \/>\n&#8211; a p\u00e9nz\u00fcgyi felt\u00e9telek \u00e9s a k\u00f6lts\u00e9gvet\u00e9s<br \/>\n&#8211; illetve egy\u00e9b hasznos inform\u00e1ci\u00f3k a t\u00e1mogat\u00e1si k\u00e9relem beny\u00fajt\u00e1s\u00e1val kapcsolatban.<\/p>\n<p>Az online kit\u00f6lt\u00f6tt jelentkez\u00e9si lapot k\u00e9rd\u00e9seikkel egy\u00fctt <strong>2017. m\u00e1rcius 27. (h\u00e9tf\u0151) 12:00 \u00f3r\u00e1ig<\/strong> v\u00e1rj\u00e1k a szervez\u0151k.<\/p>\n<p><a href=\"\/hu\/palyazat\/-\/tartalom\/efop37316-az-egesz-eleten-at-tarto-tanulashoz-hozzaferes-biztositasa-86201\">R\u00e9szletek honlapunkon a EFOP-3.7.3-16 felh\u00edv\u00e1ssal kapcsolatban.<\/a><\/p>\n<p><a href=\"https:\/\/www.palyazat.gov.hu\/informcis-napok-az-efop-373-16-szm-plyzati-felhvs-kapcsn-1\">Tov\u00e1bbi inform\u00e1ci\u00f3k &gt;&gt;<\/a><\/p>\n","protected":false},"excerpt":{"rendered":"<p>Az Emberi Er\u0151forr\u00e1sok Miniszt\u00e9riuma Eur\u00f3pai Uni\u00f3s Fejleszt\u00e9spolitik\u00e1\u00e9rt Felel\u0151s \u00c1llamtitk\u00e1rs\u00e1ga inform\u00e1ci\u00f3s napokat szervez [&hellip;]<\/p>\n","protected":false},"author":1,"featured_media":1401,"comment_status":"closed","ping_status":"open","sticky":false,"template":"","format":"standard","meta":[],"categories":[1],"tags":[],"field_type":[],"news_category":[21],"acf":[],"_links":{"self":[{"href":"https:\/\/qulto.eu\/hu\/wp-json\/wp\/v2\/posts\/895"}],"collection":[{"href":"https:\/\/qulto.eu\/hu\/wp-json\/wp\/v2\/posts"}],"about":[{"href":"https:\/\/qulto.eu\/hu\/wp-json\/wp\/v2\/types\/post"}],"author":[{"embeddable":true,"href":"https:\/\/qulto.eu\/hu\/wp-json\/wp\/v2\/users\/1"}],"replies":[{"embeddable":true,"href":"https:\/\/qulto.eu\/hu\/wp-json\/wp\/v2\/comments?post=895"}],"version-history":[{"count":2,"href":"https:\/\/qulto.eu\/hu\/wp-json\/wp\/v2\/posts\/895\/revisions"}],"predecessor-version":[{"id":2857,"href":"https:\/\/qulto.eu\/hu\/wp-json\/wp\/v2\/posts\/895\/revisions\/2857"}],"wp:featuredmedia":[{"embeddable":true,"href":"https:\/\/qulto.eu\/hu\/wp-json\/wp\/v2\/media\/1401"}],"wp:attachment":[{"href":"https:\/\/qulto.eu\/hu\/wp-json\/wp\/v2\/media?parent=895"}],"wp:term":[{"taxonomy":"category","embeddable":true,"href":"https:\/\/qulto.eu\/hu\/wp-json\/wp\/v2\/categories?post=895"},{"taxonomy":"post_tag","embeddable":true,"href":"https:\/\/qulto.eu\/hu\/wp-json\/wp\/v2\/tags?post=895"},{"taxonomy":"field_type","embeddable":true,"href":"https:\/\/qulto.eu\/hu\/wp-json\/wp\/v2\/field_type?post=895"},{"taxonomy":"news_category","embeddable":true,"href":"https:\/\/qulto.eu\/hu\/wp-json\/wp\/v2\/news_category?post=895"}],"curies":[{"name":"wp","href":"https:\/\/api.w.org\/{rel}","templated":true}]}}