{"id":900,"date":"2017-02-24T00:00:00","date_gmt":"2017-02-24T00:00:00","guid":{"rendered":"https:\/\/qulto.eu\/qulto-workshop-2017-keszthely\/"},"modified":"2021-07-06T06:58:43","modified_gmt":"2021-07-06T06:58:43","slug":"qulto-workshop-2017-keszthely","status":"publish","type":"post","link":"https:\/\/qulto.eu\/hu\/qulto-workshop-2017-keszthely\/","title":{"rendered":"Qulto workshop 2017 &#8211; Keszthely"},"content":{"rendered":"<p>2017. m\u00e1rcius 8-\u00e1n Qulto workshopot \u00e9s szakmai f\u00f3rumot tartunk a k\u00f6zgy\u0171jtem\u00e9nyi-, oktat\u00e1si- \u00e9s turisztikai informatika korszer\u0171 technol\u00f3gi\u00e1ir\u00f3l az aktu\u00e1lis EFOP, GINOP \u00e9s TOP p\u00e1ly\u00e1zatok kapcs\u00e1n, melyre szeretettel h\u00edvjuk \u00e9s v\u00e1rjuk a D\u00e9l-Dun\u00e1nt\u00falr\u00f3l az \u00e9rdekl\u0151d\u0151ket.<\/p>\n<p>A szakmai rendezv\u00e9ny c\u00e9lja a korszer\u0171 trendek k\u00f6rbej\u00e1r\u00e1sa, megvitat\u00e1sa k\u00f6zgy\u0171jtem\u00e9nyi \u00e9s turisztikai szerepl\u0151k k\u00f6zrem\u0171k\u00f6d\u00e9s\u00e9vel. A r\u00e9sztvev\u0151k egy\u00fattal kipr\u00f3b\u00e1lhatnak olyan \u00faj eszk\u00f6z\u00f6ket \u00e9s technol\u00f3gi\u00e1kat, melyek seg\u00edtik a k\u00f6nyvt\u00e1rakat, m\u00fazeumokat \u00e9s lev\u00e9lt\u00e1rakat a form\u00e1lis \u00e9s nem form\u00e1lis oktat\u00e1sban val\u00f3 r\u00e9szv\u00e9telben, min\u00e9l sz\u00e9lesebb k\u00f6z\u00f6ns\u00e9g el\u0151tt val\u00f3 \u00fajszer\u0171 megjelen\u00e9sben, illetve a felhalmozott kultur\u00e1lis tud\u00e1s kezel\u00e9s\u00e9ben, terjeszt\u00e9s\u00e9ben \u00e9s \u00fajrahasznos\u00edt\u00e1s\u00e1ban, ak\u00e1r komplex \u00e9s egys\u00e9ges szolg\u00e1ltat\u00e1s ki\u00e9p\u00edt\u00e9s\u00e9ben.<\/p>\n<p>A workshop tervezett helysz\u00edne: <span style=\"color: #29528d;\">Balatoni M\u00fazeum (Keszthely, M\u00fazeum u. 2.)<\/span><br \/>\nId\u0151pont: <span style=\"color: #29528d;\"><strong>2017. m\u00e1rcius 8.<\/strong> (de. 10-13 k\u00f6z\u00f6tt)<\/span><\/p>\n<p>A r\u00e9szv\u00e9tel ingyenes, de regisztr\u00e1ci\u00f3hoz k\u00f6t\u00f6tt. Jelentkez\u00e9s\u00e9t k\u00e9rj\u00fck, a hbrada@monguz.hu c\u00edmen jelezze <strong>2017. m\u00e1rcius 7-e keddig<\/strong>.<\/p>\n","protected":false},"excerpt":{"rendered":"<p>2017. m\u00e1rcius 8-\u00e1n Qulto workshopot \u00e9s szakmai f\u00f3rumot tartunk a k\u00f6zgy\u0171jtem\u00e9nyi-, oktat\u00e1si- [&hellip;]<\/p>\n","protected":false},"author":1,"featured_media":1386,"comment_status":"closed","ping_status":"open","sticky":false,"template":"","format":"standard","meta":[],"categories":[1],"tags":[],"field_type":[7,4,5,8,6],"news_category":[21,20],"acf":[],"_links":{"self":[{"href":"https:\/\/qulto.eu\/hu\/wp-json\/wp\/v2\/posts\/900"}],"collection":[{"href":"https:\/\/qulto.eu\/hu\/wp-json\/wp\/v2\/posts"}],"about":[{"href":"https:\/\/qulto.eu\/hu\/wp-json\/wp\/v2\/types\/post"}],"author":[{"embeddable":true,"href":"https:\/\/qulto.eu\/hu\/wp-json\/wp\/v2\/users\/1"}],"replies":[{"embeddable":true,"href":"https:\/\/qulto.eu\/hu\/wp-json\/wp\/v2\/comments?post=900"}],"version-history":[{"count":2,"href":"https:\/\/qulto.eu\/hu\/wp-json\/wp\/v2\/posts\/900\/revisions"}],"predecessor-version":[{"id":2862,"href":"https:\/\/qulto.eu\/hu\/wp-json\/wp\/v2\/posts\/900\/revisions\/2862"}],"wp:featuredmedia":[{"embeddable":true,"href":"https:\/\/qulto.eu\/hu\/wp-json\/wp\/v2\/media\/1386"}],"wp:attachment":[{"href":"https:\/\/qulto.eu\/hu\/wp-json\/wp\/v2\/media?parent=900"}],"wp:term":[{"taxonomy":"category","embeddable":true,"href":"https:\/\/qulto.eu\/hu\/wp-json\/wp\/v2\/categories?post=900"},{"taxonomy":"post_tag","embeddable":true,"href":"https:\/\/qulto.eu\/hu\/wp-json\/wp\/v2\/tags?post=900"},{"taxonomy":"field_type","embeddable":true,"href":"https:\/\/qulto.eu\/hu\/wp-json\/wp\/v2\/field_type?post=900"},{"taxonomy":"news_category","embeddable":true,"href":"https:\/\/qulto.eu\/hu\/wp-json\/wp\/v2\/news_category?post=900"}],"curies":[{"name":"wp","href":"https:\/\/api.w.org\/{rel}","templated":true}]}}