{"id":919,"date":"2016-12-05T00:00:00","date_gmt":"2016-12-05T00:00:00","guid":{"rendered":"https:\/\/qulto.eu\/beszeljunk-a-digitalizalasrol\/"},"modified":"2021-07-06T06:58:45","modified_gmt":"2021-07-06T06:58:45","slug":"beszeljunk-a-digitalizalasrol","status":"publish","type":"post","link":"https:\/\/qulto.eu\/hu\/beszeljunk-a-digitalizalasrol\/","title":{"rendered":"Besz\u00e9lj\u00fcnk a digitaliz\u00e1l\u00e1sr\u00f3l!"},"content":{"rendered":"\n<div class=\"wp-block-image\"><figure class=\"alignleft size-medium\"><img decoding=\"async\" loading=\"lazy\" width=\"300\" height=\"240\" src=\"https:\/\/qulto.eu\/wp-content\/uploads\/2020\/02\/75547-300x240.jpg\" alt=\"\" class=\"wp-image-1329\" srcset=\"https:\/\/qulto.eu\/wp-content\/uploads\/2020\/02\/75547-300x240.jpg 300w, https:\/\/qulto.eu\/wp-content\/uploads\/2020\/02\/75547.jpg 360w\" sizes=\"(max-width: 300px) 100vw, 300px\" \/><\/figure><\/div>\n\n\n<p>A c\u00e9g\u00fcnket bemutat\u00f3 \u00e9s a digitaliz\u00e1l\u00e1s t\u00e9mak\u00f6r\u00e9vel foglalkoz\u00f3 workshopunk 2016 november 24-\u00e9n ker\u00fclt megrendez\u00e9sre a Krakk\u00f3i R\u00e9g\u00e9szeti M\u00fazeumban, \u00f6sszesen 11 int\u00e9zm\u00e9nyb\u0151l \u00e9rkez\u0151 21 szakember r\u00e9szv\u00e9tel\u00e9vel.<\/p>\n<p>A workshop f\u0151 c\u00e9ljai a m\u00fazeumok sz\u00e1m\u00e1ra hasznos megold\u00e1sok \u00e9s technikai \u00fajdons\u00e1gok bemutat\u00e1sa, a megl\u00e9v\u0151 tartalmakat kezel\u0151 \u00e9s katalogiz\u00e1l\u00f3 rendszer ismertet\u00e9se, valamint az adatb\u00e1zis fontoss\u00e1g\u00e1nak hangs\u00falyoz\u00e1sa volt.<\/p>\n<p>A r\u00e9sztvev\u0151ket Pancza J\u00e1nos, c\u00e9g\u00fcnk k\u00fclpiac\u00e9rt felel\u0151s igazgat\u00f3ja k\u00f6sz\u00f6ntette, majd bemutatta a Qulto term\u00e9kcsoportot, valamint, hogy kik is vagyunk mi \u00e9s mivel foglalkozunk. Ezut\u00e1n Art\u00far Povod\u00f6r, a lengyelorsz\u00e1gi irod\u00e1nk vezet\u0151je foglalta \u00f6ssze a m\u00fazeumi ter\u00fcleten jellemz\u0151 trendeket, els\u0151sorban a l\u00e1togat\u00f3k sz\u00e1m\u00e1ra fontos \u00e9s \u00e9rdekes megold\u00e1sokra koncentr\u00e1lva. Emellett kit\u00e9rt azokra a lehet\u0151s\u00e9gekre is, melyek legink\u00e1bb befoly\u00e1solhatj\u00e1k az emberek m\u00fazeuml\u00e1togat\u00e1si szok\u00e1sait \u2013 legyen az online vagy hagyom\u00e1nyos. \u00a0<br \/>A bevezet\u0151ket k\u00f6vet\u0151en el\u0151ad\u00f3ink ismertett\u00e9k a gy\u0171jtem\u00e9nyek kezel\u00e9s\u00e9re \u00e9s katalogiz\u00e1l\u00e1s\u00e1ra alkalmas Qulto M\u00fazeum menedzsment\u00a0rendszert, valamint port\u00e1l megold\u00e1sainkat, az OPAC-ot, aggreg\u00e1torokat, \u00e9s a k\u00fcl\u00f6nb\u00f6z\u0151 gy\u0171jtem\u00e9nyekre \u00e9p\u00fcl\u0151 j\u00e1t\u00e9kfejleszt\u00e9seinket.<br \/>Egy r\u00f6vid k\u00e1v\u00e9sz\u00fcnetet k\u00f6vet\u0151en ker\u00fclt sor a workshop m\u00e1sodik r\u00e9sz\u00e9re, melyben Pancza J\u00e1nos besz\u00e9lt az European\u00e1r\u00f3l \u2013 a k\u00f6z\u00f6ss\u00e9g t\u00f6rt\u00e9net\u00e9r\u0151l, a hozz\u00e1 kapcsol\u00f3d\u00f3 projektekr\u0151l, \u00e9s az egy\u00fcttm\u0171k\u00f6d\u00e9sb\u0151l sz\u00e1rmaz\u00f3 j\u00f6v\u0151beli tervekr\u0151l. A technikai h\u00e1tt\u00e9rrel kapcsolatban kiemelte, hogy a fejleszt\u00e9seknek k\u00f6sz\u00f6nhet\u0151en egyre hat\u00e9konyabb \u00e9s k\u00f6nnyebb lesz az adatok Europeana fel\u00e9 juttat\u00e1sa.<br \/>A program utols\u00f3 el\u0151ad\u00e1s\u00e1t Simon Andr\u00e1s tartotta \u2013 milyen funkcionalit\u00e1sai vannak a rendszernek, hogy is n\u00e9z ki pontosan az adatmigr\u00e1ci\u00f3, mik az \u00e1ltal\u00e1nos szabv\u00e1nyok \u00e9s el\u0151\u00edr\u00e1sok Magyarorsz\u00e1gon erre vonatkoz\u00f3an, illetve ezek miben k\u00fcl\u00f6nb\u00f6znek a lengyel gyakorlatt\u00f3l. A r\u00e9sztvev\u0151k abban a szerencs\u00e9s helyzetben voltak, hogy a rendezv\u00e9nynek a ki\u00e1ll\u00edt\u00f3terem melletti terem szolg\u00e1lt sz\u00ednhely\u00fcl, \u00edgy az eb\u00e9dsz\u00fcnetben lehet\u0151s\u00e9g\u00fck ny\u00edlt a m\u00fazeumban ki\u00e1ll\u00edtott egyiptomi gy\u0171jtem\u00e9ny megtekint\u00e9s\u00e9re is. A sz\u00fcnetet k\u00f6vet\u0151 k\u00f6tetlen program sor\u00e1n a megh\u00edvottak kipr\u00f3b\u00e1lhatt\u00e1k c\u00e9g\u00fcnk legut\u00f3bbi, m\u00fazeumi ter\u00fclethez kapcsol\u00f3d\u00f3 fejleszt\u00e9seit a gyakorlatban is. \u00d6r\u00f6mmel mondhatjuk, hogy mindenki \u00e9rt\u00e9kelte a bemutatott \u00f6tleteket \u00e9s megval\u00f3sult projekteket, kicsit tal\u00e1n bizakod\u00f3bban tekintve innent\u0151l a m\u00fazeumok rendelkez\u00e9s\u00e9re \u00e1ll\u00f3 lehet\u0151s\u00e9gekre IT t\u00e9ren.<br \/>V\u00e9gezet\u00fcl egy bork\u00f3stol\u00f3 keretein bel\u00fcl ismerkedhettek meg vend\u00e9geink egy magyar borv\u00e1logat\u00e1ssal a legjobbak k\u00f6z\u00fcl, majd a Krakk\u00f3i R\u00e9g\u00e9szeti M\u00fazeum igazgat\u00f3ja vezette k\u00f6rbe \u0151ket a ki\u00e1ll\u00edt\u00e1son. A workshop v\u00e9gezt\u00e9vel megel\u00e9ged\u00e9ssel t\u00f6lt\u00f6tt el benn\u00fcnket, hogy a megh\u00edvottak lelkesen \u00e9s akt\u00edvan vettek r\u00e9szt a j\u00e1t\u00e9kok \u00e9s informatikai fejleszt\u00e9sek kipr\u00f3b\u00e1l\u00e1s\u00e1ban, \u00e9rdekl\u0151dve hallgatt\u00e1k az \u00faj trendekr\u0151l sz\u00f3l\u00f3 besz\u00e1mol\u00f3kat. Emellett a rendezv\u00e9ny kit\u0171n\u0151 alkalomnak bizonyult arra is, hogy a m\u00fazeumi ter\u00fclet szak\u00e9rt\u0151i megvitathass\u00e1k \u00f6tleteiket, gondolataikat \u00e9s folyamatban l\u00e9v\u0151 projektjeiket egym\u00e1ssal.<\/p>","protected":false},"excerpt":{"rendered":"<p>A c\u00e9g\u00fcnket bemutat\u00f3 \u00e9s a digitaliz\u00e1l\u00e1s t\u00e9mak\u00f6r\u00e9vel foglalkoz\u00f3 workshopunk 2016 november 24-\u00e9n [&hellip;]<\/p>\n","protected":false},"author":1,"featured_media":1329,"comment_status":"closed","ping_status":"open","sticky":false,"template":"","format":"standard","meta":[],"categories":[12],"tags":[],"field_type":[8,6],"news_category":[20],"acf":[],"_links":{"self":[{"href":"https:\/\/qulto.eu\/hu\/wp-json\/wp\/v2\/posts\/919"}],"collection":[{"href":"https:\/\/qulto.eu\/hu\/wp-json\/wp\/v2\/posts"}],"about":[{"href":"https:\/\/qulto.eu\/hu\/wp-json\/wp\/v2\/types\/post"}],"author":[{"embeddable":true,"href":"https:\/\/qulto.eu\/hu\/wp-json\/wp\/v2\/users\/1"}],"replies":[{"embeddable":true,"href":"https:\/\/qulto.eu\/hu\/wp-json\/wp\/v2\/comments?post=919"}],"version-history":[{"count":3,"href":"https:\/\/qulto.eu\/hu\/wp-json\/wp\/v2\/posts\/919\/revisions"}],"predecessor-version":[{"id":2927,"href":"https:\/\/qulto.eu\/hu\/wp-json\/wp\/v2\/posts\/919\/revisions\/2927"}],"wp:featuredmedia":[{"embeddable":true,"href":"https:\/\/qulto.eu\/hu\/wp-json\/wp\/v2\/media\/1329"}],"wp:attachment":[{"href":"https:\/\/qulto.eu\/hu\/wp-json\/wp\/v2\/media?parent=919"}],"wp:term":[{"taxonomy":"category","embeddable":true,"href":"https:\/\/qulto.eu\/hu\/wp-json\/wp\/v2\/categories?post=919"},{"taxonomy":"post_tag","embeddable":true,"href":"https:\/\/qulto.eu\/hu\/wp-json\/wp\/v2\/tags?post=919"},{"taxonomy":"field_type","embeddable":true,"href":"https:\/\/qulto.eu\/hu\/wp-json\/wp\/v2\/field_type?post=919"},{"taxonomy":"news_category","embeddable":true,"href":"https:\/\/qulto.eu\/hu\/wp-json\/wp\/v2\/news_category?post=919"}],"curies":[{"name":"wp","href":"https:\/\/api.w.org\/{rel}","templated":true}]}}