{"id":922,"date":"2016-11-28T00:00:00","date_gmt":"2016-11-28T00:00:00","guid":{"rendered":"https:\/\/qulto.eu\/regionalis-informatikai-akademia-konferencia\/"},"modified":"2021-07-06T06:58:46","modified_gmt":"2021-07-06T06:58:46","slug":"regionalis-informatikai-akademia-konferencia","status":"publish","type":"post","link":"https:\/\/qulto.eu\/hu\/regionalis-informatikai-akademia-konferencia\/","title":{"rendered":"Region\u00e1lis Informatikai Akad\u00e9mia Konferencia"},"content":{"rendered":"\n<div class=\"wp-block-image\"><figure class=\"alignright size-medium\"><img decoding=\"async\" loading=\"lazy\" width=\"300\" height=\"240\" src=\"https:\/\/qulto.eu\/wp-content\/uploads\/2020\/02\/74965-300x240.jpg\" alt=\"\" class=\"wp-image-1320\" srcset=\"https:\/\/qulto.eu\/wp-content\/uploads\/2020\/02\/74965-300x240.jpg 300w, https:\/\/qulto.eu\/wp-content\/uploads\/2020\/02\/74965-768x615.jpg 768w, https:\/\/qulto.eu\/wp-content\/uploads\/2020\/02\/74965.jpg 772w\" sizes=\"(max-width: 300px) 100vw, 300px\" \/><\/figure><\/div>\n\n\n<p>A lillaf\u00fcredi Palota Sz\u00e1ll\u00f3ban rendezt\u00e9k meg 2016. november 22-23. k\u00f6z\u00f6tt, a Region\u00e1lis Informatikai Akad\u00e9mia hagyom\u00e1nyos \u201cREGINA 2016\u201d elnevez\u00e9s\u0171 konferenci\u00e1j\u00e1t.<br \/>A konferenci\u00e1t a Korm\u00e1nyzati Informatikai Fejleszt\u00e9si \u00dcgyn\u00f6ks\u00e9g (KIF\u00dc), mint az NIIF Int\u00e9zet jogut\u00f3dja \u00e9s az NIIF Program m\u0171k\u00f6dtet\u0151je szervezte azzal a c\u00e9llal, hogy a fels\u0151oktat\u00e1si int\u00e9zm\u00e9nyek, a kutat\u00f3helyek \u00e9s a v\u00e1llalkoz\u00e1sok IT ter\u00fclet\u00e9n el\u00e9rt eredm\u00e9nyeit ismertesse.\u00a0<br \/>\u00a0<br \/>A konferencia szakmai f\u00f3kusz\u00e1ban az oktat\u00e1si-informatikai h\u00e1l\u00f3zatfejleszt\u00e9sek, a WiFi-h\u00e1l\u00f3zatok, mikrohull\u00e1m\u00fa fejleszt\u00e9sek, oktat\u00e1si-kutat\u00e1si infrastrukt\u00far\u00e1k fejleszt\u00e9s\u00e9nek tendenci\u00e1i \u00e9s c\u00e9lkit\u0171z\u00e9sei szerepeltek. <a href=\"http:\/\/regina.comp-rend.hu\/?page_id=227\">A r\u00e9szletes program el\u00e9rhet\u0151 itt.<\/a><br \/>\u00a0<br \/>Az elhangzott el\u0151ad\u00e1sok t\u00f6bb sz\u00e1lon kapcsol\u00f3dtak a Digit\u00e1lis Oktat\u00e1si Strat\u00e9gia (DOS) c\u00e9lkit\u0171z\u00e9seihez. Az inform\u00e1ci\u00f3s t\u00e1rsadalom ki\u00e9p\u00edt\u00e9se ism\u00e9t a korm\u00e1nyzati politika c\u00e9lter\u00fclett\u00e9 v\u00e1lt, amelyet a szakma elismer\u0151en fogadott. Az infrastrukt\u00fara beruh\u00e1z\u00e1sok eredm\u00e9nyek\u00e9ppen 2018-2020-ra az orsz\u00e1g eg\u00e9sz ter\u00fclet\u00e9n el\u00e9rhet\u0151v\u00e9 v\u00e1lhat a sz\u00e9less\u00e1v\u00fa (minimum 30Mbit\/s) internetkapcsolat. A fejleszt\u00e9s nem csak komfortosabb internetet jelent majd, hanem jelent\u0151s hozz\u00e1j\u00e1rul\u00e1ssal is b\u00edr az orsz\u00e1g \u00e1ltal el\u0151\u00e1ll\u00edtott nemzeti \u00f6sszterm\u00e9kre. A kutat\u00e1sok szerint 10%-os s\u00e1vsz\u00e9less\u00e9g n\u00f6vel\u00e9s ak\u00e1r 1-1,5%-os GDP n\u00f6veked\u00e9st is eredm\u00e9nyezhet. A sz\u00e9less\u00e1v\u00fa infrastrukt\u00fara teljes ki\u00e9p\u00edt\u00e9se teh\u00e1t nemzetgazdas\u00e1gi \u00e9rdek is egyben.<br \/>\u00a0<br \/>A fejleszt\u00e9sek mellett k\u00fcl\u00f6nb\u00f6z\u0151, kapcsol\u00f3d\u00f3 oktat\u00e1si programok c\u00e9lja a digit\u00e1lis kompetencia fejleszt\u00e9se lesz, amely a munkaer\u0151piacon l\u00e9v\u0151ket seg\u00edti a felk\u00e9sz\u00fcl\u00e9sben az ipar kih\u00edv\u00e1saira. Sz\u00fcks\u00e9g is lesz r\u00e1, hiszen a negyedik ipari forradalomk\u00e9nt (\u201eipar 4.0\u201d) defini\u00e1lt gazdas\u00e1gi folyamatok jelent\u00e9keny v\u00e1ltoz\u00e1sokat hoznak a munkaer\u0151hi\u00e1nnyal k\u00fczd\u0151 ipari v\u00e1llalatok \u00e9s a jelenlegi munkav\u00e1llal\u00f3k \u00e9let\u00e9ben.\u00a0<br \/>A jelenlegi \u00e9s j\u00f6v\u0151beni technol\u00f3giai alapokra a h\u00e1l\u00f3zati rendszerek \u00faj gener\u00e1ci\u00f3ja \u00e9p\u00fclhet, ahol intelligens inform\u00e1ci\u00f3s ipari h\u00e1l\u00f3zatok j\u00f6nnek l\u00e9tre. Megn\u00f6vekedik a g\u00e9pek k\u00f6z\u00f6tti (M2M &#8211; Machine-to-Machine) kommunik\u00e1ci\u00f3, az emberi munk\u00e1t egyre ink\u00e1bb kiv\u00e1ltj\u00e1k a h\u00e1l\u00f3zatba szervez\u0151d\u00f6tt g\u00e9pek. Kevesebb, de a naprak\u00e9sz technol\u00f3giai m\u0171velts\u00e9ggel rendelkez\u0151 munkaer\u0151re lesz sz\u00fcks\u00e9g. Hat\u00e1sa \u00e9pp\u00fagy \u00e9rezhet\u0151 lesz a nagyv\u00e1llalatokn\u00e1l, mint a KKV-k eset\u00e9ben.<br \/>\u00a0<br \/>Hazai elemz\u0151k szerint, Magyarorsz\u00e1g gazdas\u00e1gi \u00e9s t\u00e1rsadalmi fejl\u0151d\u00e9se nagyban f\u00fcgg majd att\u00f3l, hogy milyen m\u00f3don tud adapt\u00e1l\u00f3dni az \u00fan. 4.0-\u00e1s ipar \u00e1ltal gener\u00e1lt v\u00e1ltoz\u00e1shoz. A konferencia el\u0151ad\u00e1sai, a bemutatott projektek ehhez ny\u00fajtottak magyar\u00e1zatokat, \u00e9s javasoltak alternat\u00edv\u00e1kat.\u00a0<br \/>\u00a0<\/p>","protected":false},"excerpt":{"rendered":"<p>A lillaf\u00fcredi Palota Sz\u00e1ll\u00f3ban rendezt\u00e9k meg 2016. november 22-23. k\u00f6z\u00f6tt, a Region\u00e1lis [&hellip;]<\/p>\n","protected":false},"author":1,"featured_media":1320,"comment_status":"closed","ping_status":"open","sticky":false,"template":"","format":"standard","meta":[],"categories":[1],"tags":[],"field_type":[],"news_category":[20],"acf":[],"_links":{"self":[{"href":"https:\/\/qulto.eu\/hu\/wp-json\/wp\/v2\/posts\/922"}],"collection":[{"href":"https:\/\/qulto.eu\/hu\/wp-json\/wp\/v2\/posts"}],"about":[{"href":"https:\/\/qulto.eu\/hu\/wp-json\/wp\/v2\/types\/post"}],"author":[{"embeddable":true,"href":"https:\/\/qulto.eu\/hu\/wp-json\/wp\/v2\/users\/1"}],"replies":[{"embeddable":true,"href":"https:\/\/qulto.eu\/hu\/wp-json\/wp\/v2\/comments?post=922"}],"version-history":[{"count":2,"href":"https:\/\/qulto.eu\/hu\/wp-json\/wp\/v2\/posts\/922\/revisions"}],"predecessor-version":[{"id":2932,"href":"https:\/\/qulto.eu\/hu\/wp-json\/wp\/v2\/posts\/922\/revisions\/2932"}],"wp:featuredmedia":[{"embeddable":true,"href":"https:\/\/qulto.eu\/hu\/wp-json\/wp\/v2\/media\/1320"}],"wp:attachment":[{"href":"https:\/\/qulto.eu\/hu\/wp-json\/wp\/v2\/media?parent=922"}],"wp:term":[{"taxonomy":"category","embeddable":true,"href":"https:\/\/qulto.eu\/hu\/wp-json\/wp\/v2\/categories?post=922"},{"taxonomy":"post_tag","embeddable":true,"href":"https:\/\/qulto.eu\/hu\/wp-json\/wp\/v2\/tags?post=922"},{"taxonomy":"field_type","embeddable":true,"href":"https:\/\/qulto.eu\/hu\/wp-json\/wp\/v2\/field_type?post=922"},{"taxonomy":"news_category","embeddable":true,"href":"https:\/\/qulto.eu\/hu\/wp-json\/wp\/v2\/news_category?post=922"}],"curies":[{"name":"wp","href":"https:\/\/api.w.org\/{rel}","templated":true}]}}