{"id":929,"date":"2016-11-02T00:00:00","date_gmt":"2016-11-02T00:00:00","guid":{"rendered":"https:\/\/qulto.eu\/reszt-vettunk-a-folio-kozosseg-talalkozojan\/"},"modified":"2021-07-06T06:58:46","modified_gmt":"2021-07-06T06:58:46","slug":"reszt-vettunk-a-folio-kozosseg-talalkozojan","status":"publish","type":"post","link":"https:\/\/qulto.eu\/hu\/reszt-vettunk-a-folio-kozosseg-talalkozojan\/","title":{"rendered":"R\u00e9szt vett\u00fcnk a FOLIO k\u00f6z\u00f6ss\u00e9g tal\u00e1lkoz\u00f3j\u00e1n"},"content":{"rendered":"<p>Okt\u00f3ber 19-20-\u00e1n r\u00e9szt vett\u00fcnk a FOLIO k\u00f6z\u00f6ss\u00e9g tal\u00e1lkoz\u00f3j\u00e1n Koppenh\u00e1g\u00e1ban, a D\u00e1n Kir\u00e1lyi K\u00f6nyvt\u00e1rban. A FOLIO (the Future Of Libraryes Is Open) egy k\u00f6z\u00f6ss\u00e9gi egy\u00fcttm\u0171k\u00f6d\u00e9s, melynek c\u00e9lja egy \u00fajfajta k\u00f6nyvt\u00e1ri szoftver \u201c\u00f6kosziszt\u00e9ma\u201d l\u00e9trehoz\u00e1sa.<\/p>\n<p>A meg\u00e1lmodott k\u00f6nyvt\u00e1ri rendszer a Qulto platformhoz hasonl\u00f3an\u00a0modul\u00e1ris architekt\u00far\u00e1t k\u00f6vet, a modulokat az int\u00e9zm\u00e9nyek maguknak v\u00e1logatj\u00e1k \u00f6ssze az okostelefonok App Store-j\u00e1hoz hasonl\u00f3 gy\u0171jtem\u00e9nyb\u0151l.<\/p>\n<p>Az el\u0151ad\u00e1sokat els\u0151sorban a projekt f\u0151 szek\u00e9rtol\u00f3i, az Open Library Environment k\u00f6z\u00f6ss\u00e9g tagjai, az Index Data \u00e9s az EBSCO munkat\u00e1rsai tartott\u00e1k. A r\u00e9sztvev\u0151k k\u00f6z\u00f6tt a kezdem\u00e9nyez\u00e9s ir\u00e1nt \u00e9rdekl\u0151d\u0151 k\u00f6nyvt\u00e1rak r\u00e9sz\u00e9r\u0151l voltak k\u00f6nyvt\u00e1rosok \u00e9s fejleszt\u0151k is, szoftversz\u00e1ll\u00edt\u00f3k\u00e9nt a TIND \u00e9s a Qulto csapata k\u00e9pviseltette mag\u00e1t.<\/p>\n<p>Az el\u0151ad\u00e1sokat a projekt c\u00e9lkit\u0171z\u00e9s\u00e9nek, a k\u00f6z\u00f6ss\u00e9g fel\u00e9p\u00edt\u00e9s\u00e9nek \u00e9s a k\u00fcl\u00f6nb\u00f6z\u0151 munkacsoportok munk\u00e1j\u00e1nak ismertet\u00e9se vezette fel. Bemutatt\u00e1k a fejleszt\u00e9sek aktu\u00e1lis \u00e1llapot\u00e1t \u00e9s az \u00fctemtervet 2018-ig, amikorra a tervek szerint a FOLIO alapvet\u0151 k\u00f6nyvt\u00e1ri moduljai elk\u00e9sz\u00fclnek (katalogiz\u00e1l\u00e1s, k\u00f6lcs\u00f6nz\u00e9s, gyarap\u00edt\u00e1s, periodika kezel\u00e9s). Betekint\u00e9st adtak a modulok tervez\u00e9s\u00e9n\u00e9l alkalmazott munkafolyamatba, amelyben a UX tervez\u00e9s k\u00f6zponti szerepet kap, \u00edgy pr\u00f3b\u00e1lj\u00e1k biztos\u00edtani, hogy a k\u00fcl\u00f6nb\u00f6z\u0151 sz\u00e1ll\u00edt\u00f3kt\u00f3l sz\u00e1rmaz\u00f3 komponensek egys\u00e9ges felhaszn\u00e1l\u00f3i \u00e9lm\u00e9nyt ny\u00fajtsanak.<\/p>\n<p>Az el\u0151ad\u00e1sokat k\u00f6vet\u0151en a t\u00e1rsas\u00e1g kisebb csoportokban besz\u00e9lgetett tov\u00e1bb h\u00e1rom k\u00fcl\u00f6nb\u00f6z\u0151 t\u00e9m\u00e1r\u00f3l: strat\u00e9giai tervez\u00e9sr\u0151l, metaadatokr\u00f3l \u00e9s technikai r\u00e9szetekr\u0151l. A strat\u00e9giai tervez\u00e9s egyik fontos fejlem\u00e9nye, hogy b\u00e1r az \u00fctemterv legfontosabb pontja a FOLIO elindul\u00e1sa a \u201cklasszikus IKR\u201d modulokkal, az is c\u00e9l, hogy min\u00e9l hamarabb k\u00e9sz\u00fcljenek hi\u00e1nyp\u00f3tl\u00f3, innovat\u00edv modulok is. Ilyen hi\u00e1nyp\u00f3tl\u00f3 fejleszt\u00e9si ir\u00e1nyk\u00e9nt a tal\u00e1lkoz\u00f3n az akad\u00e9miai k\u00f6nyvt\u00e1rak \u00e9s a kutat\u00f3k munk\u00e1j\u00e1nak t\u00e1mogat\u00e1sa kapott hangs\u00falyt.<\/p>\n<p>Izgalmas tal\u00e1lkoz\u00f3n vehett\u00fcnk r\u00e9szt, ahol k\u00f6z\u00f6sen gondolkodhattunk a k\u00f6nyvt\u00e1rak \u00e9s a k\u00f6nyvt\u00e1ri szoftverek j\u00f6v\u0151j\u00e9r\u0151l. A kezdem\u00e9nyez\u00e9sben sok lehet\u0151s\u00e9get l\u00e1tunk, szeretn\u00e9nk komoly szerepet v\u00e1llalni benne, ak\u00e1r \u00faj vagy megl\u00e9v\u0151 Qulto komponensek integr\u00e1l\u00e1s\u00e1val, ak\u00e1r k\u00f6nyvt\u00e1r-automatiz\u00e1l\u00e1si \u00e9s fejleszt\u00e9si tapasztalatainkkal.<\/p>\n","protected":false},"excerpt":{"rendered":"<p>Okt\u00f3ber 19-20-\u00e1n r\u00e9szt vett\u00fcnk a FOLIO k\u00f6z\u00f6ss\u00e9g tal\u00e1lkoz\u00f3j\u00e1n Koppenh\u00e1g\u00e1ban, a D\u00e1n Kir\u00e1lyi [&hellip;]<\/p>\n","protected":false},"author":1,"featured_media":1281,"comment_status":"closed","ping_status":"open","sticky":false,"template":"","format":"standard","meta":[],"categories":[1],"tags":[],"field_type":[5],"news_category":[20],"acf":[],"_links":{"self":[{"href":"https:\/\/qulto.eu\/hu\/wp-json\/wp\/v2\/posts\/929"}],"collection":[{"href":"https:\/\/qulto.eu\/hu\/wp-json\/wp\/v2\/posts"}],"about":[{"href":"https:\/\/qulto.eu\/hu\/wp-json\/wp\/v2\/types\/post"}],"author":[{"embeddable":true,"href":"https:\/\/qulto.eu\/hu\/wp-json\/wp\/v2\/users\/1"}],"replies":[{"embeddable":true,"href":"https:\/\/qulto.eu\/hu\/wp-json\/wp\/v2\/comments?post=929"}],"version-history":[{"count":2,"href":"https:\/\/qulto.eu\/hu\/wp-json\/wp\/v2\/posts\/929\/revisions"}],"predecessor-version":[{"id":2939,"href":"https:\/\/qulto.eu\/hu\/wp-json\/wp\/v2\/posts\/929\/revisions\/2939"}],"wp:featuredmedia":[{"embeddable":true,"href":"https:\/\/qulto.eu\/hu\/wp-json\/wp\/v2\/media\/1281"}],"wp:attachment":[{"href":"https:\/\/qulto.eu\/hu\/wp-json\/wp\/v2\/media?parent=929"}],"wp:term":[{"taxonomy":"category","embeddable":true,"href":"https:\/\/qulto.eu\/hu\/wp-json\/wp\/v2\/categories?post=929"},{"taxonomy":"post_tag","embeddable":true,"href":"https:\/\/qulto.eu\/hu\/wp-json\/wp\/v2\/tags?post=929"},{"taxonomy":"field_type","embeddable":true,"href":"https:\/\/qulto.eu\/hu\/wp-json\/wp\/v2\/field_type?post=929"},{"taxonomy":"news_category","embeddable":true,"href":"https:\/\/qulto.eu\/hu\/wp-json\/wp\/v2\/news_category?post=929"}],"curies":[{"name":"wp","href":"https:\/\/api.w.org\/{rel}","templated":true}]}}