{"id":932,"date":"2016-10-18T00:00:00","date_gmt":"2016-10-18T00:00:00","guid":{"rendered":"https:\/\/qulto.eu\/ragnar-audunson-tartott-eloadast-a-kulturalis-intezmenyek-szereperol\/"},"modified":"2021-07-06T06:58:47","modified_gmt":"2021-07-06T06:58:47","slug":"ragnar-audunson-tartott-eloadast-a-kulturalis-intezmenyek-szereperol","status":"publish","type":"post","link":"https:\/\/qulto.eu\/hu\/ragnar-audunson-tartott-eloadast-a-kulturalis-intezmenyek-szereperol\/","title":{"rendered":"Ragnar Audunson tartott el\u0151ad\u00e1st a kultur\u00e1lis int\u00e9zm\u00e9nyek szerep\u00e9r\u0151l"},"content":{"rendered":"<p>Az ELTE BTK K\u00f6nyvt\u00e1r \u00e9s Inform\u00e1ci\u00f3tudom\u00e1nyi Tansz\u00e9k\u00e9n tartott vend\u00e9gel\u0151ad\u00e1st Ragnar Audunson az osloi szakegyetem k\u00f6nyvt\u00e1r \u00e9s inform\u00e1ci\u00f3tudom\u00e1nyi tansz\u00e9k\u00e9nek professzora Lev\u00e9lt\u00e1rak, k\u00f6nyvt\u00e1rak \u00e9s m\u00fazeumok mint a digit\u00e1lis korban fenntarthat\u00f3 k\u00f6zszf\u00e9ra infrastrukt\u00far\u00e1i c\u00edmmel.<\/p>\n<p>A Norv\u00e9g Tudom\u00e1nyos Tan\u00e1cs t\u00e1mogat\u00e1s\u00e1val most kezdtek bele egy olyan \u00f6sszeur\u00f3pai projektbe, mely a kultur\u00e1lis int\u00e9zm\u00e9nyek szerep\u00e9t vizsg\u00e1lja a t\u00e1rsadalmak fenntarthat\u00f3 fejl\u0151d\u00e9s\u00e9nek vonatkoz\u00e1s\u00e1ban. A magyarorsz\u00e1gi tapasztalatokat az OSZK K\u00f6nyvt\u00e1ri Int\u00e9zet munkat\u00e1rsai seg\u00edtenek \u00f6sszegy\u0171jteni itthoni projektpartnerk\u00e9nt. A kultur\u00e1lis szf\u00e9ra igen fontos szelet\u00e9t alkotja a t\u00e1rsadalmi nyilv\u00e1noss\u00e1gnak. Az egyre sz\u00e9tt\u00f6redezettebb\u00e9 v\u00e1l\u00f3 t\u00e1rsadalmi k\u00f6rnyezetben a legt\u00f6bb ember legink\u00e1bb olyan h\u00edrekre k\u00edv\u00e1ncsi, amelyek meger\u0151s\u00edtik a saj\u00e1t vil\u00e1gk\u00e9p\u00e9t, s egyre k\u00f6nnyebb elker\u00fclni a kritikus, m\u00e1sf\u00e9le hangokat. A kultur\u00e1lis szf\u00e9ra int\u00e9zm\u00e9nyei egyr\u00e9szt hat\u00e9kony t\u00e1rsadalmi f\u00f3rumai lehetnek a k\u00fcl\u00f6nf\u00e9le n\u00e9zeteknek, m\u00e1sr\u00e9szt olyan inform\u00e1ci\u00f3s szolg\u00e1ltat\u00e1sokat ny\u00fajthatnak, melyek lehet\u0151v\u00e9 teszik a t\u00e1rsadalmi fejl\u0151d\u00e9s egyes elemeinek \u00e1rnyalt bemutat\u00e1s\u00e1t. A kultur\u00e1lis szf\u00e9ra jelent\u0151s szerepet j\u00e1tszhat a szoci\u00e1lis koh\u00e9zi\u00f3 n\u00f6vel\u00e9s\u00e9ben, az \u00e1llampolg\u00e1rok egy\u00e9ni \u00e9s k\u00f6z\u00f6ss\u00e9gi t\u00e1rsadalmi t\u0151k\u00e9j\u00e9nek n\u00f6vel\u00e9s\u00e9ben, valamint a kult\u00fara \u00e9rt\u00e9keinek demokratikus szellem\u0171 terjeszt\u00e9s\u00e9ben a t\u00e1rsadalom \u00f6sszes tagja sz\u00e1m\u00e1ra.<\/p>\n<p>Source of the photo: <a href=\"http:\/\/elte-lis.blogspot.hu\/2016\/10\/meghivo-prof-ragnar-audunson-eloadasara.html\">ELTE LIS blog<\/a><\/p>\n","protected":false},"excerpt":{"rendered":"<p>Az ELTE BTK K\u00f6nyvt\u00e1r \u00e9s Inform\u00e1ci\u00f3tudom\u00e1nyi Tansz\u00e9k\u00e9n tartott vend\u00e9gel\u0151ad\u00e1st Ragnar Audunson az [&hellip;]<\/p>\n","protected":false},"author":1,"featured_media":1272,"comment_status":"closed","ping_status":"open","sticky":false,"template":"","format":"standard","meta":[],"categories":[1],"tags":[],"field_type":[5],"news_category":[20],"acf":[],"_links":{"self":[{"href":"https:\/\/qulto.eu\/hu\/wp-json\/wp\/v2\/posts\/932"}],"collection":[{"href":"https:\/\/qulto.eu\/hu\/wp-json\/wp\/v2\/posts"}],"about":[{"href":"https:\/\/qulto.eu\/hu\/wp-json\/wp\/v2\/types\/post"}],"author":[{"embeddable":true,"href":"https:\/\/qulto.eu\/hu\/wp-json\/wp\/v2\/users\/1"}],"replies":[{"embeddable":true,"href":"https:\/\/qulto.eu\/hu\/wp-json\/wp\/v2\/comments?post=932"}],"version-history":[{"count":2,"href":"https:\/\/qulto.eu\/hu\/wp-json\/wp\/v2\/posts\/932\/revisions"}],"predecessor-version":[{"id":2942,"href":"https:\/\/qulto.eu\/hu\/wp-json\/wp\/v2\/posts\/932\/revisions\/2942"}],"wp:featuredmedia":[{"embeddable":true,"href":"https:\/\/qulto.eu\/hu\/wp-json\/wp\/v2\/media\/1272"}],"wp:attachment":[{"href":"https:\/\/qulto.eu\/hu\/wp-json\/wp\/v2\/media?parent=932"}],"wp:term":[{"taxonomy":"category","embeddable":true,"href":"https:\/\/qulto.eu\/hu\/wp-json\/wp\/v2\/categories?post=932"},{"taxonomy":"post_tag","embeddable":true,"href":"https:\/\/qulto.eu\/hu\/wp-json\/wp\/v2\/tags?post=932"},{"taxonomy":"field_type","embeddable":true,"href":"https:\/\/qulto.eu\/hu\/wp-json\/wp\/v2\/field_type?post=932"},{"taxonomy":"news_category","embeddable":true,"href":"https:\/\/qulto.eu\/hu\/wp-json\/wp\/v2\/news_category?post=932"}],"curies":[{"name":"wp","href":"https:\/\/api.w.org\/{rel}","templated":true}]}}