{"id":957,"date":"2016-06-16T00:00:00","date_gmt":"2016-06-16T00:00:00","guid":{"rendered":"https:\/\/qulto.eu\/tobb-mint-ketezer-programmal-var-a-muzeumok-ejszakaja\/"},"modified":"2021-07-06T06:58:49","modified_gmt":"2021-07-06T06:58:49","slug":"tobb-mint-ketezer-programmal-var-a-muzeumok-ejszakaja","status":"publish","type":"post","link":"https:\/\/qulto.eu\/hu\/tobb-mint-ketezer-programmal-var-a-muzeumok-ejszakaja\/","title":{"rendered":"T\u00f6bb mint k\u00e9tezer programmal v\u00e1r a M\u00fazeumok \u00c9jszak\u00e1ja"},"content":{"rendered":"<p>A j\u00fanius 25-ei M\u00fazeumok \u00c9jszak\u00e1j\u00e1n 400 int\u00e9zm\u00e9ny 2200 programj\u00e1b\u00f3l v\u00e1logathatnak az \u00e9rdekl\u0151d\u0151k orsz\u00e1gszerte.<\/p>\n<p>A 2016-os \u00e9v kiemelt tematik\u00e1ja: H\u0151s\u00f6k, \u00faj\u00edt\u00f3k, felfedez\u0151k; az orsz\u00e1gos rendezv\u00e9nysorozat idei kiemelked\u0151 helysz\u00edne pedig a M\u00fazeumok \u00c9jszak\u00e1ja kor\u00e1bbi \u00e9veinek legl\u00e1togatottabb vid\u00e9ki v\u00e1rosa, Kecskem\u00e9t lesz.<\/p>\n<p>Az EMMI tizen\u00f6t\u00f6dik alkalommal szervezi meg a rendezv\u00e9nyt, melynek r\u00e9szletes orsz\u00e1gos programja a <a href=\"http:\/\/www.muzej.hu\">www.muzej.hu<\/a> weboldalon \u00e9s mobil alkalmaz\u00e1son \u00e9rhet\u0151 el.<\/p>\n","protected":false},"excerpt":{"rendered":"<p>A j\u00fanius 25-ei M\u00fazeumok \u00c9jszak\u00e1j\u00e1n 400 int\u00e9zm\u00e9ny 2200 programj\u00e1b\u00f3l v\u00e1logathatnak az \u00e9rdekl\u0151d\u0151k [&hellip;]<\/p>\n","protected":false},"author":1,"featured_media":1197,"comment_status":"closed","ping_status":"open","sticky":false,"template":"","format":"standard","meta":[],"categories":[1],"tags":[],"field_type":[8,6],"news_category":[20],"acf":[],"_links":{"self":[{"href":"https:\/\/qulto.eu\/hu\/wp-json\/wp\/v2\/posts\/957"}],"collection":[{"href":"https:\/\/qulto.eu\/hu\/wp-json\/wp\/v2\/posts"}],"about":[{"href":"https:\/\/qulto.eu\/hu\/wp-json\/wp\/v2\/types\/post"}],"author":[{"embeddable":true,"href":"https:\/\/qulto.eu\/hu\/wp-json\/wp\/v2\/users\/1"}],"replies":[{"embeddable":true,"href":"https:\/\/qulto.eu\/hu\/wp-json\/wp\/v2\/comments?post=957"}],"version-history":[{"count":2,"href":"https:\/\/qulto.eu\/hu\/wp-json\/wp\/v2\/posts\/957\/revisions"}],"predecessor-version":[{"id":2965,"href":"https:\/\/qulto.eu\/hu\/wp-json\/wp\/v2\/posts\/957\/revisions\/2965"}],"wp:featuredmedia":[{"embeddable":true,"href":"https:\/\/qulto.eu\/hu\/wp-json\/wp\/v2\/media\/1197"}],"wp:attachment":[{"href":"https:\/\/qulto.eu\/hu\/wp-json\/wp\/v2\/media?parent=957"}],"wp:term":[{"taxonomy":"category","embeddable":true,"href":"https:\/\/qulto.eu\/hu\/wp-json\/wp\/v2\/categories?post=957"},{"taxonomy":"post_tag","embeddable":true,"href":"https:\/\/qulto.eu\/hu\/wp-json\/wp\/v2\/tags?post=957"},{"taxonomy":"field_type","embeddable":true,"href":"https:\/\/qulto.eu\/hu\/wp-json\/wp\/v2\/field_type?post=957"},{"taxonomy":"news_category","embeddable":true,"href":"https:\/\/qulto.eu\/hu\/wp-json\/wp\/v2\/news_category?post=957"}],"curies":[{"name":"wp","href":"https:\/\/api.w.org\/{rel}","templated":true}]}}