{"id":963,"date":"2016-05-23T00:00:00","date_gmt":"2016-05-23T00:00:00","guid":{"rendered":"https:\/\/qulto.eu\/propaganda-es-gyermekirodalom-a-20-szazadban\/"},"modified":"2021-07-06T06:58:49","modified_gmt":"2021-07-06T06:58:49","slug":"propaganda-es-gyermekirodalom-a-20-szazadban","status":"publish","type":"post","link":"https:\/\/qulto.eu\/hu\/propaganda-es-gyermekirodalom-a-20-szazadban\/","title":{"rendered":"Propaganda \u00e9s gyermekirodalom a 20. sz\u00e1zadban"},"content":{"rendered":"<p>Az Orsz\u00e1gos Sz\u00e9ch\u00e9nyi K\u00f6nyvt\u00e1r irodalmi \u00e9s kult\u00fart\u00f6rt\u00e9neti programsorozata, a K\u00f6nyvT\u00c1Rlat, m\u00e1jus 19-\u00e9n 16.30 \u00f3rakor kezd\u0151d\u0151 rendezv\u00e9ny\u00e9n a gyermekirodalom \u00e9s a propaganda kapcsolat\u00e1val foglalkoztak. Az el\u0151ad\u00f3, Kom\u00e1romi Gabriella irodalomt\u00f6rt\u00e9n\u00e9sz, egyetemi mag\u00e1ntan\u00e1r, gyermekirodalom-kutat\u00f3 V\u00e9dtelen\u00fcl c\u00edm\u0171 el\u0151ad\u00e1s\u00e1ban a propaganda szempontj\u00e1b\u00f3l mutatta be a XX. sz\u00e1zad hazai gyermekirodalm\u00e1nak legfontosabb jelens\u00e9geit.<br \/>\n\u200bH\u00e1rom l\u00e9nyegesebb id\u0151szakot v\u00e1lasztott ki a huszadik sz\u00e1zadi magyar t\u00f6rt\u00e9nelemb\u0151l. Az els\u0151 a nagy h\u00e1bor\u00fa (els\u0151 vil\u00e1gh\u00e1bor\u00fa) id\u0151szaka, amikor az \u00fajs\u00e1got olvas\u00f3 D\u00f6rm\u00f6g\u0151 D\u00f6m\u00f6t\u00f6r is a h\u00e1bor\u00fa dics\u0151s\u00e9g\u00e9t hirdette. A h\u00e1bor\u00fas propaganda l\u00e9nyeg\u00e9ben uralkod\u00f3v\u00e1 v\u00e1lt a gyermekirodalomba is, s csak nagyon kevesen (p\u00e9ld\u00e1ul a frontot maga is megj\u00e1rt s ott szerzett megrend\u00edt\u0151 \u00e9lm\u00e9nyeit az ifj\u00fas\u00e1g sz\u00e1m\u00e1ra form\u00e1ba \u00f6nt\u0151 Bal\u00e1zs B\u00e9la) \u00a0mertek szembesz\u00e1llni az \u0151r\u00fclettel.<br \/>\nA k\u00e9t vil\u00e1gh\u00e1bor\u00fa k\u00f6zti id\u0151szakra r\u00e1t\u00e9rve az el\u0151ad\u00f3 utalt arra, hogy m\u00e1r az ezred\u00e9vi \u00fcnneps\u00e9gek id\u0151szak\u00e1t\u00f3l kezdve volt egy olyan hat\u00e1rozott aggaszt\u00f3 ir\u00e1nya a magyar irodalomnak, s benne a gyermekirodalomnak, mely azt hirdette, hogy mindenki magyar akar \u00fagyis lenni, a nemzetis\u00e9gi ellent\u00e9tek a maguk term\u00e9szetes m\u00f3dj\u00e1n \u00edgy old\u00f3dnak majd meg. Sz\u00f3 sincs igaz\u00e1b\u00f3l \u00a0azonban m\u00e9g a m\u00e1s n\u00e1ci\u00f3j\u00faak elleni hangulatkelt\u00e9sr\u0151l, s\u0151t jellemz\u0151 karaktereik a maguk egyedi sz\u00f3haszn\u00e1lat\u00e1val, nyelvi \u00edzeivel, kultur\u00e1lis hat\u00e1sukkal szervesen be\u00e9p\u00fclnek a gyermek \u00e9s ifj\u00fas\u00e1gi reg\u00e9nyekbe.<br \/>\n\u00c1m m\u00edg az els\u0151 vil\u00e1gh\u00e1bor\u00fa el\u0151tti id\u0151szak gyermekirodalm\u00e1t \u00a0a term\u00e9szetes asszimil\u00e1ci\u00f3 evol\u00faci\u00f3s jelleg\u0171 trendje lengte be, a helyzet alapvet\u0151en megv\u00e1ltozott Trianon sokkja ut\u00e1n. \u00a0A k\u00e9t vil\u00e1gh\u00e1bor\u00fa k\u00f6z\u00f6tti korszak a magyar sz\u00e9pirodalom egyik aranykora volt (el\u00e9g csup\u00e1n a Nyugat foly\u00f3irat k\u00f6r\u00fcli irodalmi csoportosul\u00e1sra gondolni, egy\u00fctt J\u00f3zsef Attil\u00e1val vagy We\u00f6res S\u00e1ndorral). A gyermek \u00e9s ifj\u00fas\u00e1gi irodalom azonban addig soha nem l\u00e1tott m\u00e9lypontra zuhant. Az \u00a0el\u0151ad\u00f3 utalt arra, hogy az agressz\u00edv, soviniszta, magyar fels\u0151bbrend\u0171s\u00e9get, Trianon igazs\u00e1gtalans\u00e1g\u00e1t \u00e9s rev\u00edzi\u00f3j\u00e1t k\u00f6vetel\u0151 gondolatok a legprimit\u00edvebb form\u00e1ban bukkantak fel, olyanfajta sz\u00e9ls\u0151s\u00e9ges vall\u00e1si felhangokkal mely m\u00e9g mai kereszt\u00e9ny szemmel n\u00e9zve is igen t\u00e1vol \u00e1llt a j\u00e9zusi tanokt\u00f3l. A helyzetet kit\u0171n\u0151en jellemzi, hogy N\u00e9meth L\u00e1szl\u00f3 t\u00f6bb megsz\u00f3lal\u00e1s\u00e1ban is sz\u00e9gyenteljesnek, m\u00e9ltatlannak, istentelennek nevezte a magyar gyermekirodalom hangv\u00e9tel\u00e9nek f\u0151 \u00e1ram\u00e1t.<br \/>\nA harmadik hangs\u00falyosan bemutatott korszak a m\u00e1sodik vil\u00e1gh\u00e1bor\u00fat k\u00f6vet\u0151 sz\u00e9ls\u0151s\u00e9ges R\u00e1kosi-f\u00e9le szem\u00e9lyi kultusz id\u0151szaka. A maga ideol\u00f3giai born\u00edrts\u00e1g\u00e1val ez a korszak ellenkez\u0151 el\u0151jellel, de m\u00e9lt\u00f3 p\u00e1rja lett sajnos a k\u00e9t vil\u00e1gh\u00e1bor\u00fa k\u00f6zti id\u0151szaknak. A magyar gyermek \u00e9s ifj\u00fas\u00e1gi irodalom m\u00e9lypontja egy \u00fajfajta ideol\u00f3giai dimenzi\u00f3ban teljesedett ki. \u00a0A magyar irodalomt\u00f3l teljesen idegen szovjet irodalmi m\u0171vek k\u00f6telez\u0151 olvasm\u00e1nyk\u00e9nt val\u00f3 bevezet\u00e9se, \u00a0a minden sz\u00e9pirodalmi \u00e9rt\u00e9k h\u00edj\u00e1n l\u00e9v\u0151 sz\u00e9ls\u0151s\u00e9ges szt\u00e1linista propaganda hat\u00e1sa alatt \u00e1ll\u00f3 magyar m\u0171vek megjelen\u00e9se hat\u00e1rozta meg e korszak arc\u00e9l\u00e9t. Az 1956 ut\u00e1ni megtorl\u00e1si hull\u00e1m lezajl\u00e1sa ut\u00e1n a k\u00e1d\u00e1ri konszolid\u00e1ci\u00f3 kiteljesed\u00e9s\u00e9vel azonban a magyar gyermek \u00e9s ifj\u00fas\u00e1gi irodalom \u00faj aranykora vette kezdet\u00e9t. \u00a0A mindennapok vil\u00e1g\u00e1nak egyedi hangulat\u00fa \u00e9rz\u00e9kletes humanista \u00e1br\u00e1zol\u00e1sa, mely m\u00f6g\u00f6tt az ideol\u00f3giai elemek csak rejtetten, m\u00e1sodlagosan jelenik meg (n\u00e9hol m\u00e1r alig \u00e9szrevehet\u0151 m\u00f3don) hatalmas \u00e9letm\u0171vek form\u00e1l\u00f3d\u00e1s\u00e1ban \u00e9rhet\u0151 tetten p\u00e9ld\u00e1ul L\u00e1z\u00e1r Ervin, Janikovszky \u00c9va, Csuk\u00e1s Istv\u00e1n, Szab\u00f3 Magda kapcs\u00e1n. A p\u00f6tty\u00f6s, a cs\u00edkos majd a delfin k\u00f6nyvsorozatok mgjelen\u00e9se p\u00e1rhuzamosan a k\u00f6telez\u0151 olvasm\u00e1nyok vil\u00e1g\u00e1nak gyermekk\u00f6zpont\u00fa \u00e1talakul\u00e1s\u00e1val m\u00e1r egy \u00faj aranykorszak term\u00e9kei.<br \/>\nUt\u00f3lag visszan\u00e9zve teh\u00e1t elmondhatjuk, hogy a tizenkilenc-huszadik sz\u00e1zad fordul\u00f3j\u00e1t jellemz\u0151, majd az 1960-as \u00e9vekt\u0151l \u00fajra kiteljesed\u0151 gyermekirodalmi aranykor\u00e1nak nevezhet\u0151 id\u0151szakok szerencs\u00e9sen z\u00e1r\u00f3jelbe teszik az el\u0151ad\u00e1s \u00e1ltal t\u00e1rgyalt korszakokat. A sz\u00e1zadfordul\u00f3 irodalmi hagyom\u00e1nya szerencs\u00e9sen t\u00fal\u00e9l\u00e9st biztos\u00edtott az erre fog\u00e9kony gyermekek sz\u00e1m\u00e1ra az \u00faj aranykor elj\u00f6vetel\u00e9ig . Az el\u0151ad\u00e1sban t\u00e1rgyalt id\u0151szakok azonban \u00a0\u00f6r\u00f6k eml\u00e9keztet\u0151\u00fcl szolg\u00e1lnak azonban arra, hogy a totalit\u00e1rius szellem\u0171 ideol\u00f3giai propaganda puszt\u00edt\u00e1sa micsoda k\u00e1rokat tud okozni irodalmi t\u00e9ren pont a legv\u00e9dtelenebb koroszt\u00e1ly ir\u00e1ny\u00e1ban is.<\/p>\n","protected":false},"excerpt":{"rendered":"<p>Az Orsz\u00e1gos Sz\u00e9ch\u00e9nyi K\u00f6nyvt\u00e1r irodalmi \u00e9s kult\u00fart\u00f6rt\u00e9neti programsorozata, a K\u00f6nyvT\u00c1Rlat, m\u00e1jus 19-\u00e9n [&hellip;]<\/p>\n","protected":false},"author":1,"featured_media":1179,"comment_status":"closed","ping_status":"open","sticky":false,"template":"","format":"standard","meta":[],"categories":[1],"tags":[],"field_type":[5],"news_category":[20],"acf":[],"_links":{"self":[{"href":"https:\/\/qulto.eu\/hu\/wp-json\/wp\/v2\/posts\/963"}],"collection":[{"href":"https:\/\/qulto.eu\/hu\/wp-json\/wp\/v2\/posts"}],"about":[{"href":"https:\/\/qulto.eu\/hu\/wp-json\/wp\/v2\/types\/post"}],"author":[{"embeddable":true,"href":"https:\/\/qulto.eu\/hu\/wp-json\/wp\/v2\/users\/1"}],"replies":[{"embeddable":true,"href":"https:\/\/qulto.eu\/hu\/wp-json\/wp\/v2\/comments?post=963"}],"version-history":[{"count":2,"href":"https:\/\/qulto.eu\/hu\/wp-json\/wp\/v2\/posts\/963\/revisions"}],"predecessor-version":[{"id":2973,"href":"https:\/\/qulto.eu\/hu\/wp-json\/wp\/v2\/posts\/963\/revisions\/2973"}],"wp:featuredmedia":[{"embeddable":true,"href":"https:\/\/qulto.eu\/hu\/wp-json\/wp\/v2\/media\/1179"}],"wp:attachment":[{"href":"https:\/\/qulto.eu\/hu\/wp-json\/wp\/v2\/media?parent=963"}],"wp:term":[{"taxonomy":"category","embeddable":true,"href":"https:\/\/qulto.eu\/hu\/wp-json\/wp\/v2\/categories?post=963"},{"taxonomy":"post_tag","embeddable":true,"href":"https:\/\/qulto.eu\/hu\/wp-json\/wp\/v2\/tags?post=963"},{"taxonomy":"field_type","embeddable":true,"href":"https:\/\/qulto.eu\/hu\/wp-json\/wp\/v2\/field_type?post=963"},{"taxonomy":"news_category","embeddable":true,"href":"https:\/\/qulto.eu\/hu\/wp-json\/wp\/v2\/news_category?post=963"}],"curies":[{"name":"wp","href":"https:\/\/api.w.org\/{rel}","templated":true}]}}