{"id":965,"date":"2016-05-06T00:00:00","date_gmt":"2016-05-06T00:00:00","guid":{"rendered":"https:\/\/qulto.eu\/hipszterek-kobol\/"},"modified":"2021-07-06T06:58:50","modified_gmt":"2021-07-06T06:58:50","slug":"hipszterek-kobol","status":"publish","type":"post","link":"https:\/\/qulto.eu\/hu\/hipszterek-kobol\/","title":{"rendered":"Hipszterek k\u0151b\u0151l"},"content":{"rendered":"\n<div class=\"wp-block-image\"><figure class=\"alignright size-medium\"><img decoding=\"async\" loading=\"lazy\" width=\"300\" height=\"239\" src=\"https:\/\/qulto.eu\/wp-content\/uploads\/2020\/02\/46156-300x239.jpg\" alt=\"\" class=\"wp-image-1173\" srcset=\"https:\/\/qulto.eu\/wp-content\/uploads\/2020\/02\/46156-300x239.jpg 300w, https:\/\/qulto.eu\/wp-content\/uploads\/2020\/02\/46156.jpg 351w\" sizes=\"(max-width: 300px) 100vw, 300px\" \/><\/figure><\/div>\n\n\n<p>L\u00e9o Caillard fot\u00f3s divatosan \u00f6lt\u00f6z\u00f6tt p\u00e1rizsi fiatalokr\u00f3l k\u00e9sz\u00edtett k\u00e9peket, majd a Louvre klasszicista szobrait b\u00fajtatta a lefot\u00f3zott ruh\u00e1kba.<\/p>\n<p>Caillard, akinek portf\u00f3li\u00f3j\u00e1t digit\u00e1lis portr\u00e9k alkotj\u00e1k, k\u00e9t havonta ell\u00e1togat a Louvre-ba. Egy l\u00e1togat\u00e1sa alkalm\u00e1val t\u00e1madt az az \u00f6tlete, hogy hipszter k\u00fcls\u0151t k\u00f6lcs\u00f6n\u00f6z a klasszicista szobroknak. \u201cN\u00e9ztem a g\u00f6r\u00f6g szobrokat, \u00e9s arra gondoltam, hogy sz\u00f3rakoztat\u00f3 \u00e9s \u00e9rdekes lenne fel\u00f6lt\u00f6ztetni \u0151ket\u201d &#8211; nyilatkozta a CO.Design-nak.<\/p>\n<p>A szobrokat a m\u00fazeumban, a tipikus hipszter ruh\u00e1kba \u00f6lt\u00f6z\u00f6tt h\u00fas-v\u00e9r fot\u00f3modelleket pedig a st\u00fadi\u00f3j\u00e1ban fot\u00f3zta le Calliard, majd digit\u00e1lis ut\u00f3munk\u00e1val \u00e1thelyezte a szobrokra a modern ruh\u00e1kat, hozz\u00e1igaz\u00edtva a f\u00e9nyeket \u00e9s \u00e1rny\u00e9kokat.\u00a0<\/p>","protected":false},"excerpt":{"rendered":"<p>L\u00e9o Caillard fot\u00f3s divatosan \u00f6lt\u00f6z\u00f6tt p\u00e1rizsi fiatalokr\u00f3l k\u00e9sz\u00edtett k\u00e9peket, majd a Louvre [&hellip;]<\/p>\n","protected":false},"author":1,"featured_media":1173,"comment_status":"closed","ping_status":"open","sticky":false,"template":"","format":"standard","meta":[],"categories":[1],"tags":[],"field_type":[6],"news_category":[20],"acf":[],"_links":{"self":[{"href":"https:\/\/qulto.eu\/hu\/wp-json\/wp\/v2\/posts\/965"}],"collection":[{"href":"https:\/\/qulto.eu\/hu\/wp-json\/wp\/v2\/posts"}],"about":[{"href":"https:\/\/qulto.eu\/hu\/wp-json\/wp\/v2\/types\/post"}],"author":[{"embeddable":true,"href":"https:\/\/qulto.eu\/hu\/wp-json\/wp\/v2\/users\/1"}],"replies":[{"embeddable":true,"href":"https:\/\/qulto.eu\/hu\/wp-json\/wp\/v2\/comments?post=965"}],"version-history":[{"count":2,"href":"https:\/\/qulto.eu\/hu\/wp-json\/wp\/v2\/posts\/965\/revisions"}],"predecessor-version":[{"id":2975,"href":"https:\/\/qulto.eu\/hu\/wp-json\/wp\/v2\/posts\/965\/revisions\/2975"}],"wp:featuredmedia":[{"embeddable":true,"href":"https:\/\/qulto.eu\/hu\/wp-json\/wp\/v2\/media\/1173"}],"wp:attachment":[{"href":"https:\/\/qulto.eu\/hu\/wp-json\/wp\/v2\/media?parent=965"}],"wp:term":[{"taxonomy":"category","embeddable":true,"href":"https:\/\/qulto.eu\/hu\/wp-json\/wp\/v2\/categories?post=965"},{"taxonomy":"post_tag","embeddable":true,"href":"https:\/\/qulto.eu\/hu\/wp-json\/wp\/v2\/tags?post=965"},{"taxonomy":"field_type","embeddable":true,"href":"https:\/\/qulto.eu\/hu\/wp-json\/wp\/v2\/field_type?post=965"},{"taxonomy":"news_category","embeddable":true,"href":"https:\/\/qulto.eu\/hu\/wp-json\/wp\/v2\/news_category?post=965"}],"curies":[{"name":"wp","href":"https:\/\/api.w.org\/{rel}","templated":true}]}}