{"id":968,"date":"2016-05-02T00:00:00","date_gmt":"2016-05-02T00:00:00","guid":{"rendered":"https:\/\/qulto.eu\/digistrat-szakmai-nap\/"},"modified":"2021-07-06T06:58:50","modified_gmt":"2021-07-06T06:58:50","slug":"digistrat-szakmai-nap","status":"publish","type":"post","link":"https:\/\/qulto.eu\/hu\/digistrat-szakmai-nap\/","title":{"rendered":"DigiStrat szakmai nap"},"content":{"rendered":"<p>Milyen \u201eforr\u00e1sok\u201d seg\u00edthetik az egy\u00e9bk\u00e9nt \u00e1lland\u00f3 forr\u00e1shi\u00e1nnyal k\u00fcszk\u00f6d\u0151 kultur\u00e1lis szektor szerepl\u0151it, a m\u00fazeumokat, a t\u00f6rv\u00e9nyben el\u0151\u00edrt digitaliz\u00e1l\u00e1si strat\u00e9gia elk\u00e9sz\u00edt\u00e9s\u00e9ben?<br \/>\nA digitaliz\u00e1l\u00e1s legfontosabb c\u00e9lkit\u0171z\u00e9se a k\u00f6zgy\u0171jtem\u00e9nyek \u00e1ltal \u0151rz\u00f6tt tud\u00e1s \u00e9s kultur\u00e1lis \u00f6r\u00f6ks\u00e9g hossz\u00fa t\u00e1v\u00fa meg\u0151rz\u00e9se, valamint min\u00e9l sz\u00e9lesebb k\u00f6r\u0171 el\u00e9r\u00e9s\u00e9nek biztos\u00edt\u00e1sa. Ehhez egyr\u00e9szt minden m\u00fazeumi t\u00e1rgyr\u00f3l digit\u00e1lis reprodukci\u00f3t kellene k\u00e9sz\u00edteni, valamint az \u201eanal\u00f3g\u201d mellett a digit\u00e1lis gy\u0171jtem\u00e9nyt is menedzselni, \u00faj form\u00e1kban \u00e9s eszk\u00f6z\u00f6kkel el\u00e9rhet\u0151v\u00e9 tenni, \u00faj kreat\u00edv tartalmakat rendelni hozz\u00e1juk. Ahhoz nem sz\u00fcks\u00e9ges szakmai konferencia, hogy bel\u00e1ssuk, milyen nagy munk\u00e1t jelent ez a k\u00f6zgy\u0171jtem\u00e9nyek sz\u00e1m\u00e1ra. Abban azonban minden szakmai f\u00f3rum nagy seg\u00edts\u00e9g \u2013 \u00edgy a 2016. \u00e1prilis 15-\u00e9n lezajlott DigiStrat szakmai nap is \u2013, hogy az \u00e9rintett szerepl\u0151k megossz\u00e1k egym\u00e1ssal tapasztalataikat, besz\u00e1moljanak j\u00f3 p\u00e9ld\u00e1ul szolg\u00e1l\u00f3 projektekr\u0151l \u00e9s k\u00f6z\u00f6sen vessenek fel k\u00e9rd\u00e9seket \u00e9s v\u00e1laszokat.<br \/>\nA DigiStrat szakmai napon t\u00f6bb m\u00fazeum k\u00e9pvisel\u0151je is besz\u00e1molt a n\u00e1luk zajl\u00f3 digitaliz\u00e1l\u00e1s valamely aspektus\u00e1r\u00f3l, majd a tan\u00e1cskoz\u00e1st egy nagyon akt\u00edv r\u00e9szv\u00e9tel\u0171 kerekasztal besz\u00e9lget\u00e9s z\u00e1rta. Amellett, hogy a gy\u0171jtem\u00e9ny mely r\u00e9sz\u00e9t lehet\/kell digitaliz\u00e1lni, olyan k\u00e9rd\u00e9seket vitattak meg, hogy mit is jelent a szakszer\u0171 digitaliz\u00e1l\u00e1s, a min\u0151s\u00e9gi t\u00e1rgyfot\u00f3z\u00e1s, illetve hogyan seg\u00edtheti ezt a munk\u00e1t a kultur\u00e1lis k\u00f6zfoglalkoztat\u00e1si program, a gy\u0171jtem\u00e9nykezel\u0151 szoftveres megold\u00e1sok, vagy a di\u00e1kok (a.k.a. \u201edigit\u00e1lis bennsz\u00fcl\u00f6ttek\u201d) \u00e9retts\u00e9gihez k\u00f6telez\u0151 \u00f6nk\u00e9ntes szolg\u00e1lata.<br \/>\nAz anyagi jelleg\u0171 forr\u00e1sok mellett teh\u00e1t akad m\u00e9g n\u00e9h\u00e1ny lehet\u0151s\u00e9g \u00e9s eszk\u00f6z, mellyel \u00e9lni lehet \u00e9s aj\u00e1nlott is. A hasonl\u00f3 szakmai f\u00f3rumokra pedig l\u00e1that\u00f3an \u00fagy szomjazik a m\u00fazeumi szakma, mint sivatag az es\u0151re, mivel egy ilyen esem\u00e9nyen ad\u00f3dik lehet\u0151s\u00e9g arra, hogy az \u00e9rintett szerepl\u0151k, azaz maguk a m\u00fazeumok, miniszt\u00e9riumi k\u00e9pviselet, szakmai szervezetek \u00e9s k\u00fcl\u00f6nb\u00f6z\u0151 szolg\u00e1ltat\u00f3k \u00e9s piaci szerepl\u0151k tal\u00e1lkozzanak \u00e9s hasznos inform\u00e1ci\u00f3hoz jussanak. Az egy\u00fcttm\u0171k\u00f6d\u00e9s \u00e9s h\u00e1l\u00f3zatban gondolkod\u00e1s fontos h\u00edv\u00f3szavak, rem\u00e9lj\u00fck, lesznek m\u00e9g ilyen f\u00f3rumok \u00e9s egyre sz\u00fcletnek az el\u0151remutat\u00f3 strat\u00e9gi\u00e1k.<\/p>\n","protected":false},"excerpt":{"rendered":"<p>Milyen \u201eforr\u00e1sok\u201d seg\u00edthetik az egy\u00e9bk\u00e9nt \u00e1lland\u00f3 forr\u00e1shi\u00e1nnyal k\u00fcszk\u00f6d\u0151 kultur\u00e1lis szektor szerepl\u0151it, a [&hellip;]<\/p>\n","protected":false},"author":1,"featured_media":1164,"comment_status":"closed","ping_status":"open","sticky":false,"template":"","format":"standard","meta":[],"categories":[1],"tags":[],"field_type":[6],"news_category":[20],"acf":[],"_links":{"self":[{"href":"https:\/\/qulto.eu\/hu\/wp-json\/wp\/v2\/posts\/968"}],"collection":[{"href":"https:\/\/qulto.eu\/hu\/wp-json\/wp\/v2\/posts"}],"about":[{"href":"https:\/\/qulto.eu\/hu\/wp-json\/wp\/v2\/types\/post"}],"author":[{"embeddable":true,"href":"https:\/\/qulto.eu\/hu\/wp-json\/wp\/v2\/users\/1"}],"replies":[{"embeddable":true,"href":"https:\/\/qulto.eu\/hu\/wp-json\/wp\/v2\/comments?post=968"}],"version-history":[{"count":2,"href":"https:\/\/qulto.eu\/hu\/wp-json\/wp\/v2\/posts\/968\/revisions"}],"predecessor-version":[{"id":2979,"href":"https:\/\/qulto.eu\/hu\/wp-json\/wp\/v2\/posts\/968\/revisions\/2979"}],"wp:featuredmedia":[{"embeddable":true,"href":"https:\/\/qulto.eu\/hu\/wp-json\/wp\/v2\/media\/1164"}],"wp:attachment":[{"href":"https:\/\/qulto.eu\/hu\/wp-json\/wp\/v2\/media?parent=968"}],"wp:term":[{"taxonomy":"category","embeddable":true,"href":"https:\/\/qulto.eu\/hu\/wp-json\/wp\/v2\/categories?post=968"},{"taxonomy":"post_tag","embeddable":true,"href":"https:\/\/qulto.eu\/hu\/wp-json\/wp\/v2\/tags?post=968"},{"taxonomy":"field_type","embeddable":true,"href":"https:\/\/qulto.eu\/hu\/wp-json\/wp\/v2\/field_type?post=968"},{"taxonomy":"news_category","embeddable":true,"href":"https:\/\/qulto.eu\/hu\/wp-json\/wp\/v2\/news_category?post=968"}],"curies":[{"name":"wp","href":"https:\/\/api.w.org\/{rel}","templated":true}]}}