{"id":985,"date":"2015-11-24T00:00:00","date_gmt":"2015-11-24T00:00:00","guid":{"rendered":"https:\/\/qulto.eu\/az-europeana-network-association-eves-talakozoja\/"},"modified":"2021-07-06T06:58:51","modified_gmt":"2021-07-06T06:58:51","slug":"az-europeana-network-association-eves-talakozoja","status":"publish","type":"post","link":"https:\/\/qulto.eu\/hu\/az-europeana-network-association-eves-talakozoja\/","title":{"rendered":"Az Europeana Network Association \u00e9ves tal\u00e1koz\u00f3ja"},"content":{"rendered":"\n<div class=\"wp-block-image\"><figure class=\"alignright size-medium\"><img decoding=\"async\" loading=\"lazy\" width=\"300\" height=\"240\" src=\"https:\/\/qulto.eu\/wp-content\/uploads\/2020\/02\/36128-300x240.jpg\" alt=\"\" class=\"wp-image-1113\" srcset=\"https:\/\/qulto.eu\/wp-content\/uploads\/2020\/02\/36128-300x240.jpg 300w, https:\/\/qulto.eu\/wp-content\/uploads\/2020\/02\/36128.jpg 468w\" sizes=\"(max-width: 300px) 100vw, 300px\" \/><\/figure><\/div>\n\n\n<p>Az Europeana Network Association \u00e9ves tal\u00e1koz\u00f3ja (AGM) kulcsfontoss\u00e1g\u00fa esem\u00e9ny az Europeana \u00e9s a k\u00f6r\u00e9 \u00e9p\u00fcl\u0151 k\u00f6z\u00f6ss\u00e9g szempontj\u00e1b\u00f3l. Mivel a Monguz Kft. r\u00e9szt vett az Europeanahoz kapcsolod\u00f3 projektben, \u00edgy \u00f6r\u00f6mmel csatlakoztunk a november elej\u00e9n Amszterdamban megrendez\u00e9sre ker\u00fcl\u0151 esem\u00e9nyen.<br \/>A konferencia k\u00f6zponti t\u00e9m\u00e1jak\u00e9nt a k\u00fcld\u00f6ttek \u00e9rt\u00e9kelhett\u00e9k a 2015-\u00f6s \u00e9v sor\u00e1n el\u00e9rt eredm\u00e9nyeket, illetve t\u00e1rgyaltak a j\u00f6v\u0151ben v\u00e1rhat\u00f3 kih\u00edv\u00e1sokr\u00f3l \u00e9s lehet\u0151s\u00e9gekr\u0151l.<\/p>\n<p>A Monguz Kft. mint Europeana Inside projekt r\u00e9sztvev\u0151 sz\u00e1m\u00e1ra az esem\u00e9ny legfontosabb eleme a m\u00e1sodik napra szervezett Inside projekt partner tal\u00e1lkoz\u00f3 volt. A megbesz\u00e9l\u00e9s lehet\u0151s\u00e9get adott az egy\u00fcttm\u0171k\u00f6d\u00e9s \u00e9rt\u00e9kel\u00e9s\u00e9re, illetve a projekt z\u00e1r\u00e1st k\u00f6vet\u0151en el\u00e9rt eredm\u00e9nyek ismertet\u00e9s\u00e9re. Emellett a r\u00e9sztvev\u0151k megfogalmazhatt\u00e1k javaslataikat a tov\u00e1bbi fejleszt\u00e9si ir\u00e1nyokra is.<br \/>A besz\u00e9lget\u00e9s f\u0151 t\u00e9m\u00e1jak\u00e9nt a jelenl\u00e9v\u0151k egyet\u00e9rtettek abban, hogy az Inside tov\u00e1bbra is nagy lehet\u0151s\u00e9geket rejt mag\u00e1ban, k\u00fcl\u00f6n\u00f6sen abban az esetben, ha az Europeana v\u00e1ltoztatni tud a jelenleg alkalmazott adatkezel\u00e9si folyamatain. Ennek megfelel\u0151en az European\u00e1ba ker\u00fcl\u0151 rekordokat n\u00e9gy min\u0151s\u00e9gi kateg\u00f3ria egyik\u00e9be soroln\u00e1k be, \u00e9s ez alapj\u00e1n ker\u00fcln\u00e9nek be tartalmak p\u00e9ld\u00e1ul az \u00fagynevezett Thematic Collections-be, ami jelenleg fejlesztend\u0151 European\u00e1s aj\u00e1nl\u00f3rendszer.<br \/>A konferenci\u00e1n t\u00f6bb \u00e9rdekes el\u0151ad\u00e1s is elhangzott, t\u00f6bbek k\u00f6z\u00f6tt az Europeana mint\u00e1j\u00e1ra k\u00e9sz\u00fclt brazil szuperaggreg\u00e1torr\u00f3l, valamint a Million Images Projectr\u0151l, amely a digit\u00e1lis meg\u0151rz\u00e9sen t\u00fal a fizikai helyre\u00e1ll\u00edt\u00e1st is c\u00e9lozza egy speci\u00e1lis 3D-nyomtat\u00e1si technol\u00f3gi\u00e1val p\u00e9ld\u00e1ul az ISIS \u00e1ltal lerombolt Palmyr\u00e1ban. Volt sz\u00f3 az \u00faj Association rendszerr\u0151l, ami a kor\u00e1bbi Europeana Network hivatalos form\u00e1ba \u00f6nt\u00e9se, valamint a foly\u00f3 v\u00e1laszt\u00e1sr\u00f3l, a Members Council tagjair\u00f3l.<br \/>\u00a0<\/p>","protected":false},"excerpt":{"rendered":"<p>Az Europeana Network Association \u00e9ves tal\u00e1koz\u00f3ja (AGM) kulcsfontoss\u00e1g\u00fa esem\u00e9ny az Europeana \u00e9s [&hellip;]<\/p>\n","protected":false},"author":1,"featured_media":1113,"comment_status":"closed","ping_status":"open","sticky":false,"template":"","format":"standard","meta":[],"categories":[1],"tags":[],"field_type":[5],"news_category":[20],"acf":[],"_links":{"self":[{"href":"https:\/\/qulto.eu\/hu\/wp-json\/wp\/v2\/posts\/985"}],"collection":[{"href":"https:\/\/qulto.eu\/hu\/wp-json\/wp\/v2\/posts"}],"about":[{"href":"https:\/\/qulto.eu\/hu\/wp-json\/wp\/v2\/types\/post"}],"author":[{"embeddable":true,"href":"https:\/\/qulto.eu\/hu\/wp-json\/wp\/v2\/users\/1"}],"replies":[{"embeddable":true,"href":"https:\/\/qulto.eu\/hu\/wp-json\/wp\/v2\/comments?post=985"}],"version-history":[{"count":2,"href":"https:\/\/qulto.eu\/hu\/wp-json\/wp\/v2\/posts\/985\/revisions"}],"predecessor-version":[{"id":3002,"href":"https:\/\/qulto.eu\/hu\/wp-json\/wp\/v2\/posts\/985\/revisions\/3002"}],"wp:featuredmedia":[{"embeddable":true,"href":"https:\/\/qulto.eu\/hu\/wp-json\/wp\/v2\/media\/1113"}],"wp:attachment":[{"href":"https:\/\/qulto.eu\/hu\/wp-json\/wp\/v2\/media?parent=985"}],"wp:term":[{"taxonomy":"category","embeddable":true,"href":"https:\/\/qulto.eu\/hu\/wp-json\/wp\/v2\/categories?post=985"},{"taxonomy":"post_tag","embeddable":true,"href":"https:\/\/qulto.eu\/hu\/wp-json\/wp\/v2\/tags?post=985"},{"taxonomy":"field_type","embeddable":true,"href":"https:\/\/qulto.eu\/hu\/wp-json\/wp\/v2\/field_type?post=985"},{"taxonomy":"news_category","embeddable":true,"href":"https:\/\/qulto.eu\/hu\/wp-json\/wp\/v2\/news_category?post=985"}],"curies":[{"name":"wp","href":"https:\/\/api.w.org\/{rel}","templated":true}]}}