{"id":9908,"date":"2022-04-01T07:20:16","date_gmt":"2022-04-01T07:20:16","guid":{"rendered":"https:\/\/qulto.eu\/?p=9908"},"modified":"2024-10-10T15:07:57","modified_gmt":"2024-10-10T15:07:57","slug":"karpotlasul-fakat-ultettunk","status":"publish","type":"post","link":"https:\/\/qulto.eu\/hu\/karpotlasul-fakat-ultettunk\/","title":{"rendered":"Facsemet\u00e9ket adom\u00e1nyoztunk"},"content":{"rendered":"<p>A 2021-es \u00e9v sok szempontb\u00f3l ig\u00e9nyelt alkalmazkod\u00e1st mindenki, \u00edgy c\u00e9g\u00fcnk r\u00e9sz\u00e9r\u0151l is. A korl\u00e1toz\u00e1sok hol enyh\u00e9bbek, hol szigor\u00fabbak voltak, de v\u00e9g\u00fcl az online forma mellett szem\u00e9lyes tal\u00e1lkoz\u00f3kra, \u00fcgyf\u00e9l megbesz\u00e9l\u00e9sekre \u00e9s szakmai esem\u00e9nyekre is akadt lehet\u0151s\u00e9g\u00fcnk. B\u00e1r munkat\u00e1rsaink el\u0151szeretettel haszn\u00e1lnak alternat\u00edv k\u00f6zleked\u00e9si eszk\u00f6z\u00f6ket (roller, ker\u00e9kp\u00e1r, t\u00f6megk\u00f6zleked\u00e9s), a m\u00e1s v\u00e1rosokba t\u00f6rt\u00e9n\u0151 l\u00e1togat\u00e1sok z\u00f6mmel aut\u00f3val t\u00f6rt\u00e9ntek.<\/p>\n<p>A t\u00f6bb ezer megtett kilom\u00e9ter ut\u00e1n keletkez\u0151 CO2 mennyis\u00e9g egyenleg\u00e9n szerett\u00fcnk volna jav\u00edtani, amikor tavaly megfogalmaz\u00f3dott benn\u00fcnk a facsemet\u00e9k \u00fcltet\u00e9s\u00e9nek \u00f6tlete. De hol tal\u00e1ljunk helyet a f\u00e1knak? Adta mag\u00e1t a gondolat, hogy a kultur\u00e1lis szektornak megold\u00e1sokat k\u00edn\u00e1l\u00f3 c\u00e9gk\u00e9nt a j\u00f6v\u0151nket jelent\u0151 gyermekekre \u00e9s oktat\u00e1si int\u00e9zm\u00e9nyekre essen a v\u00e1laszt\u00e1sunk.<\/p>\n<p>Felkerest\u00fcnk h\u00e1t h\u00e1rom szegedi int\u00e9zm\u00e9nyt &#8211; b\u00f6lcs\u0151de, \u00e1ltal\u00e1nos iskola, gimn\u00e1zium -, akik sz\u00e1m\u00e1ra 7 facsemet\u00e9t aj\u00e1nlottunk fel \u00fcltet\u00e9sre &#8211; a fogadtat\u00e1s kiv\u00e9tel n\u00e9lk\u00fcl sz\u00edvmelenget\u0151 volt. A lehet\u0151 legjobb helyre ker\u00fcltek a kis f\u00e1k, tov\u00e1bb n\u00f6velve az udvarokban a \u2019z\u00f6ld\u2019 mennyis\u00e9g\u00e9t, lehet\u0151s\u00e9get adva a kicsit k\u00f6rnyezettudatosabb szeml\u00e9letre az oda j\u00e1r\u00f3 gyermekeknek, akik rem\u00e9lj\u00fck, id\u0151vel min\u00e9l t\u00f6bb (mese)k\u00f6nyvet lapozgatnak majd az \u00e9vek sor\u00e1n megn\u00f6v\u0151 f\u00e1k \u00e1rny\u00e9k\u00e1ban.<\/p>\n<p style=\"text-align: center;\"><\/p>\n<p style=\"text-align: center;\">Fa\u00fcltet\u00e9s a szegedi Bonifert Domonkos \u00c1ltal\u00e1nos Iskol\u00e1ban, a Dugonics Andr\u00e1s Piarista Gimn\u00e1ziumban, \u00e9s a Gy\u00edk Utcai B\u00f6lcs\u0151d\u00e9ben<\/p>\n","protected":false},"excerpt":{"rendered":"<p>A 2021-es \u00e9v sok szempontb\u00f3l ig\u00e9nyelt alkalmazkod\u00e1st mindenki, \u00edgy c\u00e9g\u00fcnk r\u00e9sz\u00e9r\u0151l is. [&hellip;]<\/p>\n","protected":false},"author":15,"featured_media":9893,"comment_status":"closed","ping_status":"closed","sticky":false,"template":"","format":"standard","meta":[],"categories":[14,13,12,11],"tags":[],"field_type":[],"news_category":[20],"acf":[],"_links":{"self":[{"href":"https:\/\/qulto.eu\/hu\/wp-json\/wp\/v2\/posts\/9908"}],"collection":[{"href":"https:\/\/qulto.eu\/hu\/wp-json\/wp\/v2\/posts"}],"about":[{"href":"https:\/\/qulto.eu\/hu\/wp-json\/wp\/v2\/types\/post"}],"author":[{"embeddable":true,"href":"https:\/\/qulto.eu\/hu\/wp-json\/wp\/v2\/users\/15"}],"replies":[{"embeddable":true,"href":"https:\/\/qulto.eu\/hu\/wp-json\/wp\/v2\/comments?post=9908"}],"version-history":[{"count":3,"href":"https:\/\/qulto.eu\/hu\/wp-json\/wp\/v2\/posts\/9908\/revisions"}],"predecessor-version":[{"id":9942,"href":"https:\/\/qulto.eu\/hu\/wp-json\/wp\/v2\/posts\/9908\/revisions\/9942"}],"wp:featuredmedia":[{"embeddable":true,"href":"https:\/\/qulto.eu\/hu\/wp-json\/wp\/v2\/media\/9893"}],"wp:attachment":[{"href":"https:\/\/qulto.eu\/hu\/wp-json\/wp\/v2\/media?parent=9908"}],"wp:term":[{"taxonomy":"category","embeddable":true,"href":"https:\/\/qulto.eu\/hu\/wp-json\/wp\/v2\/categories?post=9908"},{"taxonomy":"post_tag","embeddable":true,"href":"https:\/\/qulto.eu\/hu\/wp-json\/wp\/v2\/tags?post=9908"},{"taxonomy":"field_type","embeddable":true,"href":"https:\/\/qulto.eu\/hu\/wp-json\/wp\/v2\/field_type?post=9908"},{"taxonomy":"news_category","embeddable":true,"href":"https:\/\/qulto.eu\/hu\/wp-json\/wp\/v2\/news_category?post=9908"}],"curies":[{"name":"wp","href":"https:\/\/api.w.org\/{rel}","templated":true}]}}