{"id":994,"date":"2015-10-01T00:00:00","date_gmt":"2015-10-01T00:00:00","guid":{"rendered":"https:\/\/qulto.eu\/a-sved-nemzeti-konyvtar-strategiaja\/"},"modified":"2021-07-06T06:58:52","modified_gmt":"2021-07-06T06:58:52","slug":"a-sved-nemzeti-konyvtar-strategiaja","status":"publish","type":"post","link":"https:\/\/qulto.eu\/hu\/a-sved-nemzeti-konyvtar-strategiaja\/","title":{"rendered":"A Sv\u00e9d Nemzeti K\u00f6nyvt\u00e1r strat\u00e9gi\u00e1ja"},"content":{"rendered":"<p>A g\u00f6teborgi k\u00f6nyvv\u00e1s\u00e1ron (2015 szeptember 24-27.) sz\u00e1mos izgalmas el\u0151ad\u00e1ssal mutatkozott be a Sv\u00e9d Nemzeti K\u00f6nyvt\u00e1r.<\/p>\n<p>Sv\u00e9d nyelven hallhattunk a nemzeti k\u00f6nyvt\u00e1ri strat\u00e9gi\u00e1r\u00f3l, valamint sz\u00e1mos fejleszt\u00e9si elk\u00e9pzel\u00e9s\u00fckr\u0151l is. A strat\u00e9gia f\u0151 c\u00e9lja, hogy inform\u00e1ci\u00f3t ny\u00fajtsanak mindenkinek, korra, nemre, gazdas\u00e1gi \u00e1llapotra val\u00f3 tekintet n\u00e9lk\u00fcl. A Sv\u00e9d Nemzeti K\u00f6nyvt\u00e1r igazgat\u00f3ja Gunilla Herdenberg \u00e9s Erik Fichtelius a nemzeti k\u00f6nyvt\u00e1ri szolg\u00e1ltat\u00e1sok\u00e9rt felel\u0151s miniszt\u00e9riumi f\u0151tan\u00e1csos k\u00f6z\u00f6sen fogalmazt\u00e1k meg a k\u00edv\u00e1nalmukat, miszerint a k\u00f6nyvt\u00e1r legyen az es\u00e9lyegyenl\u0151s\u00e9g f\u0151 eszk\u00f6ze, a t\u00e1rsadalmi koh\u00e9zi\u00f3 biztos\u00edt\u00e9ka. A fejleszt\u00e9si elk\u00e9pzel\u00e9sek k\u00f6z\u00f6tt <a href=\"https:\/\/www.youtube.com\/watch?v=thYBtbvUhNI\">kerekasztalbesz\u00e9lget\u00e9sen<\/a> vitatt\u00e1k meg, hogy mik\u00e9nt terveznek \u00e1t\u00e1llni sv\u00e9d k\u00f6nyvt\u00e1rak a Koha &#8211; ny\u00edlt forr\u00e1sk\u00f3d\u00fa integr\u00e1lt rendszer \u2013 haszn\u00e1lat\u00e1ra.<\/p>\n<p>Bemutatt\u00e1k a <a href=\"https:\/\/youtu.be\/7K-FEnVM62c\">Scandinavian Library Quarterly<\/a> c\u00edmen megjelen\u0151 k\u00f6z\u00f6s \u00e9szaki k\u00f6nyvt\u00e1r\u00fcgyi foly\u00f3iratot,\u00a0\u00e9s sv\u00e9d nyelvtud\u00e1s n\u00e9lk\u00fcl is \u00e9lvezhet\u0151, <a href=\"https:\/\/youtu.be\/WQrmTXD3RME\">a divatr\u00f3l sz\u00f3l\u00f3, k\u00e9pes, hangos, sz\u00f6veges dokumentumokr\u00f3l \u00f6ssze\u00e1ll\u00edtott tartalomszolg\u00e1ltat\u00e1sr\u00f3l <\/a>tartottak el\u0151ad\u00e1st.<\/p>\n<p>A k\u00f6nyvv\u00e1s\u00e1ron \u00e9l\u00e9nk \u00e9rdekl\u0151d\u00e9st keltettek a digit\u00e1lis technol\u00f3gia, s az ahhoz kapcsol\u00f3d\u00f3 szolg\u00e1ltat\u00e1sok leg\u00fajabb fejlem\u00e9nyeit bemutat\u00f3 el\u0151ad\u00e1sok. A t\u00f6bb napos k\u00f6nyvv\u00e1s\u00e1ron bemutatt\u00e1k a digit\u00e1lis mesek\u00f6nyvekhez kapcsol\u00f3d\u00f3 interakt\u00edv illusztr\u00e1ci\u00f3kat, a fiatalok olvas\u00e1skult\u00far\u00e1j\u00e1nak saj\u00e1toss\u00e1gait, \u00e9s a programoz\u00e1ssal kapcsolatos fejleszt\u00e9si lehet\u0151s\u00e9geket. Sz\u00f3ba ker\u00fclt az e-k\u00f6nyv technikai form\u00e1tumok fejl\u0151d\u00e9se \u00e9s az azt \u00f6vez\u0151 piaci k\u00f6rnyezet elemz\u00e9se is. Hallhattunk a Sv\u00e9d Digit\u00e1lis Nemzeti K\u00f6nyvt\u00e1r koncepci\u00f3j\u00e1r\u00f3l (a fizikai \u00e9s a virtu\u00e1lis k\u00f6nyvt\u00e1rhaszn\u00e1lat \u00f6sszef\u00fcgg\u00e9seir\u0151l, a k\u00fcl\u00f6nb\u00f6z\u0151 terekben ny\u00fajtott kiegyens\u00falyozott szolg\u00e1ltat\u00e1sokr\u00f3l). Megeml\u00edtett\u00e9k, hogy a digit\u00e1lis t\u00e9rben a fiatalok \u00e9lm\u00e9nyszer\u0171bben felfedezhetik fel a klasszikus irodalm\u00e1rok, tud\u00f3sok \u00e9letm\u0171v\u00e9t (p\u00e9ld\u00e1ul August Strindberg\u00e9t \u00e9s Nikola Tesl\u00e1\u00e9t). Megvitatt\u00e1k a saj\u00e1t digit\u00e1lis kiad\u00e1sban megjelen\u0151 m\u0171vek gondoz\u00e1s\u00e1nak, terjeszt\u00e9s\u00e9nek kih\u00edv\u00e1sait, majd bemutatt\u00e1k az internet k\u00f6zelm\u00faltbeli fejl\u0151d\u00e9s\u00e9nek f\u0151bb technikai \u00e9s t\u00e1rsadalmi kih\u00edv\u00e1sait is. V\u00e9g\u00fcl t\u00f6bb el\u0151ad\u00e1s r\u00e9v\u00e9n az online sz\u00e1m\u00edt\u00f3g\u00e9pes j\u00e1t\u00e9kok fejl\u0151d\u00e9se is sz\u00f3ba ker\u00fclt.<\/p>\n<p>Az el\u0151ad\u00e1sok videofelv\u00e9telei naponk\u00e9nti bont\u00e1sban a youtubeon is el\u00e9rhet\u0151ek:\u00a0<a href=\"https:\/\/youtu.be\/dUk1YRmeq_8\">Cs\u00fct\u00f6rt\u00f6k<\/a>,\u00a0<a href=\"https:\/\/youtu.be\/j7rHLC86pCA\">P\u00e9ntek<\/a>,\u00a0<a href=\"https:\/\/youtu.be\/LuTRZoVdWzg\">Szombat<\/a>, <a href=\"https:\/\/youtu.be\/TTIAGdiqyj8\">Vas\u00e1rnap<\/a><\/p>\n","protected":false},"excerpt":{"rendered":"<p>A g\u00f6teborgi k\u00f6nyvv\u00e1s\u00e1ron (2015 szeptember 24-27.) sz\u00e1mos izgalmas el\u0151ad\u00e1ssal mutatkozott be a [&hellip;]<\/p>\n","protected":false},"author":1,"featured_media":1086,"comment_status":"closed","ping_status":"open","sticky":false,"template":"","format":"standard","meta":[],"categories":[1],"tags":[],"field_type":[5],"news_category":[20],"acf":[],"_links":{"self":[{"href":"https:\/\/qulto.eu\/hu\/wp-json\/wp\/v2\/posts\/994"}],"collection":[{"href":"https:\/\/qulto.eu\/hu\/wp-json\/wp\/v2\/posts"}],"about":[{"href":"https:\/\/qulto.eu\/hu\/wp-json\/wp\/v2\/types\/post"}],"author":[{"embeddable":true,"href":"https:\/\/qulto.eu\/hu\/wp-json\/wp\/v2\/users\/1"}],"replies":[{"embeddable":true,"href":"https:\/\/qulto.eu\/hu\/wp-json\/wp\/v2\/comments?post=994"}],"version-history":[{"count":2,"href":"https:\/\/qulto.eu\/hu\/wp-json\/wp\/v2\/posts\/994\/revisions"}],"predecessor-version":[{"id":3011,"href":"https:\/\/qulto.eu\/hu\/wp-json\/wp\/v2\/posts\/994\/revisions\/3011"}],"wp:featuredmedia":[{"embeddable":true,"href":"https:\/\/qulto.eu\/hu\/wp-json\/wp\/v2\/media\/1086"}],"wp:attachment":[{"href":"https:\/\/qulto.eu\/hu\/wp-json\/wp\/v2\/media?parent=994"}],"wp:term":[{"taxonomy":"category","embeddable":true,"href":"https:\/\/qulto.eu\/hu\/wp-json\/wp\/v2\/categories?post=994"},{"taxonomy":"post_tag","embeddable":true,"href":"https:\/\/qulto.eu\/hu\/wp-json\/wp\/v2\/tags?post=994"},{"taxonomy":"field_type","embeddable":true,"href":"https:\/\/qulto.eu\/hu\/wp-json\/wp\/v2\/field_type?post=994"},{"taxonomy":"news_category","embeddable":true,"href":"https:\/\/qulto.eu\/hu\/wp-json\/wp\/v2\/news_category?post=994"}],"curies":[{"name":"wp","href":"https:\/\/api.w.org\/{rel}","templated":true}]}}