{"id":997,"date":"2015-01-18T00:00:00","date_gmt":"2015-01-18T00:00:00","guid":{"rendered":"https:\/\/qulto.eu\/konyvtari-nap-az-elte-n\/"},"modified":"2021-07-06T06:58:53","modified_gmt":"2021-07-06T06:58:53","slug":"konyvtari-nap-az-elte-n","status":"publish","type":"post","link":"https:\/\/qulto.eu\/hu\/konyvtari-nap-az-elte-n\/","title":{"rendered":"K\u00f6nyvt\u00e1ri nap az ELTE-n"},"content":{"rendered":"\n<div class=\"wp-block-image\"><figure class=\"alignleft size-medium\"><img decoding=\"async\" loading=\"lazy\" width=\"300\" height=\"240\" src=\"https:\/\/qulto.eu\/wp-content\/uploads\/2020\/02\/29985-300x240.jpg\" alt=\"\" class=\"wp-image-1077\" srcset=\"https:\/\/qulto.eu\/wp-content\/uploads\/2020\/02\/29985-300x240.jpg 300w, https:\/\/qulto.eu\/wp-content\/uploads\/2020\/02\/29985.jpg 354w\" sizes=\"(max-width: 300px) 100vw, 300px\" \/><\/figure><\/div>\n\n\n<p>2015. szeptember 15-\u00e9n ker\u00fclt sor az ELTE 7. k\u00f6nyvt\u00e1ri napj\u00e1ra a Trefort-kertben, Budapesten.<br \/>E nagyszer\u0171 kezdem\u00e9nyez\u00e9s f\u0151 c\u00e9lja, hogy a B\u00f6lcs\u00e9szettudom\u00e1nyi kar egyetemi hallgat\u00f3i valamint minden \u00e9rdekl\u0151d\u0151 szem\u00e9ly egy helyen be tudjon iratkozni a jelent\u0151s budapesti egyetemi, tudom\u00e1nyos \u00e9s k\u00f6zk\u00f6nyvt\u00e1rakba, a Francia Int\u00e9zet \u00e9s a Goethe int\u00e9zet k\u00f6nyvt\u00e1raiba. A beiratkoz\u00e1si lehet\u0151s\u00e9gek mellett term\u00e9szetesen felfedezhetik az adott k\u00f6nyvt\u00e1rak szolg\u00e1ltat\u00e1si k\u00edn\u00e1lat\u00e1t, kiadv\u00e1nyait is.\u00a0<\/p>","protected":false},"excerpt":{"rendered":"<p>2015. szeptember 15-\u00e9n ker\u00fclt sor az ELTE 7. k\u00f6nyvt\u00e1ri napj\u00e1ra a Trefort-kertben, [&hellip;]<\/p>\n","protected":false},"author":1,"featured_media":1077,"comment_status":"closed","ping_status":"open","sticky":false,"template":"","format":"standard","meta":[],"categories":[1],"tags":[],"field_type":[],"news_category":[20],"acf":[],"_links":{"self":[{"href":"https:\/\/qulto.eu\/hu\/wp-json\/wp\/v2\/posts\/997"}],"collection":[{"href":"https:\/\/qulto.eu\/hu\/wp-json\/wp\/v2\/posts"}],"about":[{"href":"https:\/\/qulto.eu\/hu\/wp-json\/wp\/v2\/types\/post"}],"author":[{"embeddable":true,"href":"https:\/\/qulto.eu\/hu\/wp-json\/wp\/v2\/users\/1"}],"replies":[{"embeddable":true,"href":"https:\/\/qulto.eu\/hu\/wp-json\/wp\/v2\/comments?post=997"}],"version-history":[{"count":2,"href":"https:\/\/qulto.eu\/hu\/wp-json\/wp\/v2\/posts\/997\/revisions"}],"predecessor-version":[{"id":3019,"href":"https:\/\/qulto.eu\/hu\/wp-json\/wp\/v2\/posts\/997\/revisions\/3019"}],"wp:featuredmedia":[{"embeddable":true,"href":"https:\/\/qulto.eu\/hu\/wp-json\/wp\/v2\/media\/1077"}],"wp:attachment":[{"href":"https:\/\/qulto.eu\/hu\/wp-json\/wp\/v2\/media?parent=997"}],"wp:term":[{"taxonomy":"category","embeddable":true,"href":"https:\/\/qulto.eu\/hu\/wp-json\/wp\/v2\/categories?post=997"},{"taxonomy":"post_tag","embeddable":true,"href":"https:\/\/qulto.eu\/hu\/wp-json\/wp\/v2\/tags?post=997"},{"taxonomy":"field_type","embeddable":true,"href":"https:\/\/qulto.eu\/hu\/wp-json\/wp\/v2\/field_type?post=997"},{"taxonomy":"news_category","embeddable":true,"href":"https:\/\/qulto.eu\/hu\/wp-json\/wp\/v2\/news_category?post=997"}],"curies":[{"name":"wp","href":"https:\/\/api.w.org\/{rel}","templated":true}]}}