{"id":13917,"date":"2023-03-14T13:29:18","date_gmt":"2023-03-14T13:29:18","guid":{"rendered":"https:\/\/qulto.eu\/szakmai-napunk-kepekben-es-szamokban\/"},"modified":"2023-05-03T12:48:26","modified_gmt":"2023-05-03T12:48:26","slug":"szakmai-napunk-kepekben-es-szamokban","status":"publish","type":"post","link":"https:\/\/qulto.eu\/ro\/szakmai-napunk-kepekben-es-szamokban\/","title":{"rendered":"Ziua Qulto 2023 \u00een cifre \u0219i imagini"},"content":{"rendered":"<p style=\"text-align: justify;\">Edi\u021bia din acest an a Zilei profesionale Qulto, devenit\u0103 deja o tradi\u021bie, a fost un mare succes, at\u00e2t din perspectiva echipei de organizare \u0219i a echipei prezente la eveniment, c\u00e2t \u0219i potrivit feedback-ului participan\u021bilor. Atelierele profesionale au fost primite cu mult interes iar Biblioteca Szab\u00f3 Ervin din Budapesta a oferit un cadru minunat pentru eveniment &#8211; a fost o experien\u021b\u0103 pl\u0103cut\u0103 s\u0103 ne revedem colaboratorii \u00eentr-un astfel de loc.<\/p>\n<p style=\"text-align: justify;\">Sper\u0103m s\u0103 ne \u00eent\u00e2lnim din nou \u0219i anul viitor, personal!<\/p>\n<p style=\"color: #97b51b;\"><strong>Ziua noastr\u0103 profesional\u0103 2023 \u00een cifre<\/strong><\/p>\n<ul>\n<li>am fost nevoi\u021bi s\u0103 \u00eenchidem \u00eenscrierile doar dup\u0103 4 zile de la deschiderea \u00eenscrierilor online, deoarece locurile disponibile s-au epuizat<\/li>\n<li>132 de participan\u021bi au fost primi\u021bi \u00een persoan\u0103 la Biblioteca Szab\u00f3 Ervin din Budapesta<\/li>\n<li>aproximativ 100 de doamne au fost invitate s\u0103 participe la evenimentul organizat cu ocazia Zilei Femeii<\/li>\n<li>\u00een timpul transmisiunii online, platforma YouTube a indicat 121 de telespectatori ca fiind cel mai mare num\u0103r de urm\u0103ritori<\/li>\n<li>la momentul redact\u0103rii acestui articol, videoclipul, care poate fi vizionat ulterior, a ajuns deja la 530 de vizualiz\u0103ri<\/li>\n<li>\u00een total, 23 de angaja\u021bi au fost prezen\u021bi pentru a \u00eent\u00e2mpina oaspe\u021bii \u0219i pentru a le r\u0103spunde la \u00eentreb\u0103ri despre produsele \u0219i solu\u021biile noastre<\/li>\n<li>8 prezent\u0103ri tehnice, dintre care dou\u0103 au fost sus\u021binute de vorbitori invita\u021bi<\/li>\n<\/ul>\n<p style=\"color: #97b51b;\"><strong>Imagini de la Ziua Qulto 2023<\/strong><\/p>\n<p style=\"text-align: center;\"><\/p>\n","protected":false},"excerpt":{"rendered":"<p>Edi\u021bia din acest an a Zilei profesionale Qulto, devenit\u0103 deja o tradi\u021bie, [&hellip;]<\/p>\n","protected":false},"author":15,"featured_media":12026,"comment_status":"closed","ping_status":"closed","sticky":false,"template":"","format":"standard","meta":[],"categories":[14],"tags":[],"field_type":[],"news_category":[83],"acf":[],"_links":{"self":[{"href":"https:\/\/qulto.eu\/ro\/wp-json\/wp\/v2\/posts\/13917"}],"collection":[{"href":"https:\/\/qulto.eu\/ro\/wp-json\/wp\/v2\/posts"}],"about":[{"href":"https:\/\/qulto.eu\/ro\/wp-json\/wp\/v2\/types\/post"}],"author":[{"embeddable":true,"href":"https:\/\/qulto.eu\/ro\/wp-json\/wp\/v2\/users\/15"}],"replies":[{"embeddable":true,"href":"https:\/\/qulto.eu\/ro\/wp-json\/wp\/v2\/comments?post=13917"}],"version-history":[{"count":2,"href":"https:\/\/qulto.eu\/ro\/wp-json\/wp\/v2\/posts\/13917\/revisions"}],"predecessor-version":[{"id":13919,"href":"https:\/\/qulto.eu\/ro\/wp-json\/wp\/v2\/posts\/13917\/revisions\/13919"}],"wp:featuredmedia":[{"embeddable":true,"href":"https:\/\/qulto.eu\/ro\/wp-json\/wp\/v2\/media\/12026"}],"wp:attachment":[{"href":"https:\/\/qulto.eu\/ro\/wp-json\/wp\/v2\/media?parent=13917"}],"wp:term":[{"taxonomy":"category","embeddable":true,"href":"https:\/\/qulto.eu\/ro\/wp-json\/wp\/v2\/categories?post=13917"},{"taxonomy":"post_tag","embeddable":true,"href":"https:\/\/qulto.eu\/ro\/wp-json\/wp\/v2\/tags?post=13917"},{"taxonomy":"field_type","embeddable":true,"href":"https:\/\/qulto.eu\/ro\/wp-json\/wp\/v2\/field_type?post=13917"},{"taxonomy":"news_category","embeddable":true,"href":"https:\/\/qulto.eu\/ro\/wp-json\/wp\/v2\/news_category?post=13917"}],"curies":[{"name":"wp","href":"https:\/\/api.w.org\/{rel}","templated":true}]}}