{"id":4035,"date":"2017-04-06T00:00:00","date_gmt":"2017-04-06T00:00:00","guid":{"rendered":"https:\/\/qulto.eu\/fimp-2-0-nemzetkozi-muzeumi-es-kulturalis-oroksegi-audiovizualis-fesztival-2017\/"},"modified":"2021-07-06T07:00:17","modified_gmt":"2021-07-06T07:00:17","slug":"fimp-2-0-nemzetkozi-muzeumi-es-kulturalis-oroksegi-audiovizualis-fesztival-2017","status":"publish","type":"post","link":"https:\/\/qulto.eu\/ro\/fimp-2-0-nemzetkozi-muzeumi-es-kulturalis-oroksegi-audiovizualis-fesztival-2017\/","title":{"rendered":"F@IMP 2.0 \u2013 Festivalul Interna\u021bional pentru Multimedia \u0219i Audiovizual \u00een domeniul patrimoniului, edi\u021bia 2017"},"content":{"rendered":"<div class=\"image-lead-wrapper row-fluid\">\n<div class=\"news-lead row-fluid\">Competi\u021bia este deschis\u0103 pentru toate institu\u021biile din domeniul patrimoniului cultural membre ICOM!<\/div>\n<\/div>\n<div class=\"news-description row-fluid\">\n<p>F@IMP 2.0 \u2013 Festivalul Interna\u021bional pentru Multimedia \u0219i Audiovizual \u00een domeniul patrimoniului, edi\u021bia 2017 este organizat de AVICOM, Comitetul Interna\u021bional pentru Audiovizual, Tehnologie \u0219i Social media din cadrul ICOM. F@IMP 2.0 este organizat sub egida FIAMP (Festival International de l\u2019Audiovisuel et du Multim\u00e9dia sur le Patrimoine), un eveniment interna\u021bional menit s\u0103 \u00eencurajeze \u0219i s\u0103 valorifice producerea \u0219i promovarea produselor audiovizuale (filme) \u0219i a tehnologiilor multimedia (site-uri web, aplica\u021bii interactive, aplica\u021bii mobile \u0219i instala\u021bii expozi\u021bionale creative) ini\u021biate sau produse de muzee sau alte institu\u021bii din domeniul mo\u0219tenirii culturale.<\/p>\n<p>Anul trecut a fost construit\u0103 o platform\u0103 online a festivalului, site-ul\u00a0<a href=\"http:\/\/faimpavicom.org\/#\/home\" target=\"_blank\" rel=\"noopener noreferrer\">faimpavicom.org<\/a>. Aceast\u0103 platform\u0103 este rezultatul muncii dedicate a echipei Qulto, pentru a asigura un proces u\u0219or \u0219i rapid de \u00eenc\u0103rcare a produselor media \u00een timpul competi\u021biei.<\/p>\n<p><strong>Competi\u021bia din 2017 este deschis\u0103 \u00eencep\u00e2nd de pe 16 ianuarie 2017 p\u00e2n\u0103 la 18 aprilie 2017.<\/strong>\u00a0Edi\u021bia din acest an a\u0219teapt\u0103 concuren\u021bi din r\u00e2ndul tuturor membrilor ICOM, oferind taxe de \u00eenscriere mai mici, al c\u0103ror cuantum este ajustat \u00een func\u021bie de \u021bara de origine.<\/p>\n<p>Gra\u021bie noilor dezvolt\u0103ri, pentru procesarea \u0219i conversia filmelor \u00eenc\u0103rcate vor fi utilizate servere Youtube, permi\u021b\u00e2nd vizualizarea filmelor \u00een timpul procesului de streaming. Filmele \u00eenc\u0103rcate vor fi apoi arhivate pe site-ul competi\u021biei.<\/p>\n<p>C\u00e2\u0219tig\u0103torii vor putea \u00eenc\u0103rca \u0219i arhiva pe portal filmele \u00een versiunea HD sau \u00een versiunea extins\u0103; acestea vor fi prezentate la Ceremonia de Premiere care va avea loc la Muzeul\u00a0<em>Jan Amos Komensky<\/em>, din Uhersky, Cehia, \u00een data de 14 iunie, cu ocazie celei de-a 20-a edi\u021bii a festivalului\u00a0 Musaionfilm.<\/p>\n<p>Pentru mai multe informa\u021bii v\u0103 rug\u0103m s\u0103 accesa\u021bi site-ul competi\u021bei, disponibil\u00a0<a href=\"http:\/\/faimpavicom.org\/#\/about\" target=\"_blank\" rel=\"noopener noreferrer\">aici<\/a>.<\/p>\n<\/div>\n","protected":false},"excerpt":{"rendered":"<p>Competi\u021bia este deschis\u0103 pentru toate institu\u021biile din domeniul patrimoniului cultural membre ICOM! [&hellip;]<\/p>\n","protected":false},"author":1,"featured_media":4036,"comment_status":"closed","ping_status":"open","sticky":false,"template":"","format":"standard","meta":[],"categories":[47],"tags":[],"field_type":[],"news_category":[83],"acf":[],"_links":{"self":[{"href":"https:\/\/qulto.eu\/ro\/wp-json\/wp\/v2\/posts\/4035"}],"collection":[{"href":"https:\/\/qulto.eu\/ro\/wp-json\/wp\/v2\/posts"}],"about":[{"href":"https:\/\/qulto.eu\/ro\/wp-json\/wp\/v2\/types\/post"}],"author":[{"embeddable":true,"href":"https:\/\/qulto.eu\/ro\/wp-json\/wp\/v2\/users\/1"}],"replies":[{"embeddable":true,"href":"https:\/\/qulto.eu\/ro\/wp-json\/wp\/v2\/comments?post=4035"}],"version-history":[{"count":1,"href":"https:\/\/qulto.eu\/ro\/wp-json\/wp\/v2\/posts\/4035\/revisions"}],"predecessor-version":[{"id":4039,"href":"https:\/\/qulto.eu\/ro\/wp-json\/wp\/v2\/posts\/4035\/revisions\/4039"}],"wp:featuredmedia":[{"embeddable":true,"href":"https:\/\/qulto.eu\/ro\/wp-json\/wp\/v2\/media\/4036"}],"wp:attachment":[{"href":"https:\/\/qulto.eu\/ro\/wp-json\/wp\/v2\/media?parent=4035"}],"wp:term":[{"taxonomy":"category","embeddable":true,"href":"https:\/\/qulto.eu\/ro\/wp-json\/wp\/v2\/categories?post=4035"},{"taxonomy":"post_tag","embeddable":true,"href":"https:\/\/qulto.eu\/ro\/wp-json\/wp\/v2\/tags?post=4035"},{"taxonomy":"field_type","embeddable":true,"href":"https:\/\/qulto.eu\/ro\/wp-json\/wp\/v2\/field_type?post=4035"},{"taxonomy":"news_category","embeddable":true,"href":"https:\/\/qulto.eu\/ro\/wp-json\/wp\/v2\/news_category?post=4035"}],"curies":[{"name":"wp","href":"https:\/\/api.w.org\/{rel}","templated":true}]}}